{"id":78324,"date":"2025-07-10T06:45:37","date_gmt":"2025-07-10T10:45:37","guid":{"rendered":"https:\/\/jms.com.bo\/mediamonitor\/2025\/07\/10\/arce-califica-de-guerra-sucia-las-denuncias-contra-sus-hijos-y-afirma-que-ellos-se-defenderan-en-las-instancias-correspondientes\/"},"modified":"2025-07-10T06:45:37","modified_gmt":"2025-07-10T10:45:37","slug":"arce-califica-de-guerra-sucia-las-denuncias-contra-sus-hijos-y-afirma-que-ellos-se-defenderan-en-las-instancias-correspondientes","status":"publish","type":"post","link":"https:\/\/jms.com.bo\/mediamonitor\/2025\/07\/10\/arce-califica-de-guerra-sucia-las-denuncias-contra-sus-hijos-y-afirma-que-ellos-se-defenderan-en-las-instancias-correspondientes\/","title":{"rendered":"Arce califica de \u201cguerra sucia\u201d las denuncias contra sus hijos y afirma que ellos se defender\u00e1n en las instancias correspondientes"},"content":{"rendered":"<p style=\"text-align: justify;\">Las denuncias contra los hijos del presidente Luis Arce, relacionadas con el acceso a millonarios pr\u00e9stamos bancarios y la compra de terrenos, fueron calificadas por el mandatario como una \u00abguerra sucia\u00bb. Adem\u00e1s, asegur\u00f3 que ellos ejercer\u00e1n su defensa en cualquier instancia legal.<\/p>\n<p style=\"text-align: justify;\">\u201cEllos tienen su vida propia, tienen su familia, son casados, tienen sus hijos, y por supuesto, cualquier acusaci\u00f3n que haya tiene que ventilarse en los lugares que correspondan. Pero tambi\u00e9n hay que ser muy claros, ellos tendr\u00e1n su defensa en cualquier instancia legal que sea necesaria hacerla, de acuerdo a lo que corresponda\u201d, indic\u00f3 Arce.<\/p>\n<p style=\"text-align: justify;\">En una conferencia de prensa, el mandatario indic\u00f3 que ser\u00e1 la \u00faltima vez que se referir\u00e1 al tema porque est\u00e1 \u201crebasando\u201d cuando incorporan a toda una familia en hechos irregulares solo por haberse puesto al frente y demostrarles que no es el camino correcto el que siguen.<\/p>\n<p style=\"text-align: justify;\">\u201cGuerra sucia que no compartimos, en lugar de discutir propuestas, lucha pol\u00edtica con ideas (\u2026) guerra sucia que no aceptamos con ese tipo de bajezas\u201d, indic\u00f3 el jefe de Estado.<\/p>\n<p style=\"text-align: justify;\">En d\u00edas pasados, el primer mandatario en una entrevista con un programa de televisi\u00f3n, confirm\u00f3 que sus hijos accedieron a cr\u00e9ditos millonarios en funci\u00f3n de la rentabilidad de un proyecto.<\/p>\n<p style=\"text-align: justify;\">D\u00edas despu\u00e9s, la entidad que otorg\u00f3 los cr\u00e9ditos millonarios, emiti\u00f3 un comunicado que sin hacer ninguna alusi\u00f3n indic\u00f3 que sus operaciones se rigen por criterios t\u00e9cnicos cumpliendo la normativa para el sistema financiero boliviano.<\/p>\n<p style=\"text-align: justify;\">Uno de los hijos del jefe de Estado adquiri\u00f3 un predio denominado Ad\u00e1n y Eva de 2.187.8 hect\u00e1reas, en 2021 por su hijo. El costo fue de 3,3 millones de d\u00f3lares, monto que fue obtenido mediante un pr\u00e9stamo.<\/p>\n","protected":false},"excerpt":{"rendered":"<p>Las denuncias contra los hijos del presidente Luis Arce, relacionadas con el acceso a millonarios pr\u00e9stamos bancarios y la compra de terrenos, fueron calificadas por el mandatario como una \u00abguerra sucia\u00bb. Adem\u00e1s, asegur\u00f3 que ellos ejercer\u00e1n su defensa en cualquier instancia legal. \u201cEllos tienen su vida propia, tienen su familia, son casados, tienen sus hijos, [&hellip;]<\/p>\n","protected":false},"author":2,"featured_media":78325,"comment_status":"closed","ping_status":"open","sticky":false,"template":"","format":"standard","meta":{"footnotes":""},"categories":[18],"tags":[],"class_list":{"0":"post-78324","1":"post","2":"type-post","3":"status-publish","4":"format-standard","5":"has-post-thumbnail","7":"category-politica"},"_links":{"self":[{"href":"https:\/\/jms.com.bo\/mediamonitor\/wp-json\/wp\/v2\/posts\/78324","targetHints":{"allow":["GET"]}}],"collection":[{"href":"https:\/\/jms.com.bo\/mediamonitor\/wp-json\/wp\/v2\/posts"}],"about":[{"href":"https:\/\/jms.com.bo\/mediamonitor\/wp-json\/wp\/v2\/types\/post"}],"author":[{"embeddable":true,"href":"https:\/\/jms.com.bo\/mediamonitor\/wp-json\/wp\/v2\/users\/2"}],"replies":[{"embeddable":true,"href":"https:\/\/jms.com.bo\/mediamonitor\/wp-json\/wp\/v2\/comments?post=78324"}],"version-history":[{"count":0,"href":"https:\/\/jms.com.bo\/mediamonitor\/wp-json\/wp\/v2\/posts\/78324\/revisions"}],"wp:featuredmedia":[{"embeddable":true,"href":"https:\/\/jms.com.bo\/mediamonitor\/wp-json\/wp\/v2\/media\/78325"}],"wp:attachment":[{"href":"https:\/\/jms.com.bo\/mediamonitor\/wp-json\/wp\/v2\/media?parent=78324"}],"wp:term":[{"taxonomy":"category","embeddable":true,"href":"https:\/\/jms.com.bo\/mediamonitor\/wp-json\/wp\/v2\/categories?post=78324"},{"taxonomy":"post_tag","embeddable":true,"href":"https:\/\/jms.com.bo\/mediamonitor\/wp-json\/wp\/v2\/tags?post=78324"}],"curies":[{"name":"wp","href":"https:\/\/api.w.org\/{rel}","templated":true}]}}