{"id":78326,"date":"2025-07-10T06:47:13","date_gmt":"2025-07-10T10:47:13","guid":{"rendered":"https:\/\/jms.com.bo\/mediamonitor\/2025\/07\/10\/empresarios-anuncian-inicio-de-ciclo-de-debates-con-candidatos-a-partir-del-16-de-julio\/"},"modified":"2025-07-10T06:47:13","modified_gmt":"2025-07-10T10:47:13","slug":"empresarios-anuncian-inicio-de-ciclo-de-debates-con-candidatos-a-partir-del-16-de-julio","status":"publish","type":"post","link":"https:\/\/jms.com.bo\/mediamonitor\/2025\/07\/10\/empresarios-anuncian-inicio-de-ciclo-de-debates-con-candidatos-a-partir-del-16-de-julio\/","title":{"rendered":"Empresarios anuncian inicio de ciclo de debates con candidatos, a partir del 16 de julio"},"content":{"rendered":"<p style=\"text-align: justify;\">La Confederaci\u00f3n de Empresarios Privados de Bolivia (CEPB) anunci\u00f3 el inicio de su ciclo de debates electorales rumbo a las Elecciones Generales 2025, que incluir\u00e1 cuatro jornadas para conocer las propuestas de las diez alianzas y partidos pol\u00edticos.<\/p>\n<p style=\"text-align: justify;\">El ciclo arrancar\u00e1 el 16 de julio en Cochabamba, con el primer Debate Econ\u00f3mico. El evento se realizar\u00e1 en el Centro Internacional de Negocios, en el Campo Ferial de esa ciudad, y se ha programado en dos bloques, ma\u00f1ana y tarde.<\/p>\n<p style=\"text-align: justify;\">\u201cLa CEPB impulsa estos debates como un espacio donde los candidatos y sus equipos no s\u00f3lo presenten sus ideas, sino que las confronten, las argumenten y las sostengan con seriedad, en un entorno de respeto, pluralismo y transparencia\u201d, explic\u00f3 Marcelo Esc\u00f3bar, director de la CEPB en el acto de presentaci\u00f3n del ciclo.<\/p>\n<p style=\"text-align: justify;\">Asimismo, explic\u00f3 que los debates no son \u00fanicamente espacios para que los candidatos hagan campa\u00f1a. \u201cSobre todo, son un derecho del pueblo, y como tal, deben ser participativos, plurales y consistentes\u201d.<\/p>\n<p style=\"text-align: justify;\">Los temas econ\u00f3micos<\/p>\n<p style=\"text-align: justify;\">A su vez el presidente de la Federaci\u00f3n de Entidades Empresariales de Cochabamba (FEPC), Juan Pablo Demeure, destac\u00f3 que en la cita del mi\u00e9rcoles 16, el debate se centrar\u00e1 esencialmente en temas econ\u00f3micos, como inversi\u00f3n, seguridad jur\u00eddica, presi\u00f3n fiscal, contrabando e informalidad, y pol\u00edtica laboral; y participar\u00e1n candidatos a la vicepresidencia y a la Asamblea legislativa, adem\u00e1s de asesores econ\u00f3micos que representan a los partidos pol\u00edticos y alianzas en esta \u00e1rea.<\/p>\n<p style=\"text-align: justify;\">\u201cEsta iniciativa se constituye en una plataforma de di\u00e1logo institucional orientada a contrastar visiones, examinar propuestas y construir una agenda econ\u00f3mica basada en datos, evidencia y visi\u00f3n de largo plazo\u201d, sostuvo Demeure.<\/p>\n<p style=\"text-align: justify;\">Los organizadores destacaron que los debates son una instancia t\u00e9cnica e interinstitucional destinada a que los votantes obtengan informaci\u00f3n sobre las posturas de los candidatos y promueve el pensamiento cr\u00edtico, adem\u00e1s de fomentar la transparencia, la deliberaci\u00f3n y la confrontaci\u00f3n de ideas, permitiendo a los candidatos exponer sus propuestas y a los ciudadanos evaluar sus capacidades y programas.<\/p>\n<p style=\"text-align: justify;\">El segundo debate se realizar\u00e1 el mi\u00e9rcoles 23 de julio, en la ciudad de El Alto.<\/p>\n<p style=\"text-align: justify;\">El ciclo continuar\u00e1 con dos debates con la participaci\u00f3n de los candidatos presidenciales, los que est\u00e1n programados para el 1 y 12 agosto. Estas dos jornadas ser\u00e1n organizadas por la CEPB junto al \u00d3rgano Electoral Plurinacional (OEP).<\/p>\n","protected":false},"excerpt":{"rendered":"<p>La Confederaci\u00f3n de Empresarios Privados de Bolivia (CEPB) anunci\u00f3 el inicio de su ciclo de debates electorales rumbo a las Elecciones Generales 2025, que incluir\u00e1 cuatro jornadas para conocer las propuestas de las diez alianzas y partidos pol\u00edticos. El ciclo arrancar\u00e1 el 16 de julio en Cochabamba, con el primer Debate Econ\u00f3mico. El evento se [&hellip;]<\/p>\n","protected":false},"author":2,"featured_media":78327,"comment_status":"closed","ping_status":"open","sticky":false,"template":"","format":"standard","meta":{"footnotes":""},"categories":[18],"tags":[],"class_list":{"0":"post-78326","1":"post","2":"type-post","3":"status-publish","4":"format-standard","5":"has-post-thumbnail","7":"category-politica"},"_links":{"self":[{"href":"https:\/\/jms.com.bo\/mediamonitor\/wp-json\/wp\/v2\/posts\/78326","targetHints":{"allow":["GET"]}}],"collection":[{"href":"https:\/\/jms.com.bo\/mediamonitor\/wp-json\/wp\/v2\/posts"}],"about":[{"href":"https:\/\/jms.com.bo\/mediamonitor\/wp-json\/wp\/v2\/types\/post"}],"author":[{"embeddable":true,"href":"https:\/\/jms.com.bo\/mediamonitor\/wp-json\/wp\/v2\/users\/2"}],"replies":[{"embeddable":true,"href":"https:\/\/jms.com.bo\/mediamonitor\/wp-json\/wp\/v2\/comments?post=78326"}],"version-history":[{"count":0,"href":"https:\/\/jms.com.bo\/mediamonitor\/wp-json\/wp\/v2\/posts\/78326\/revisions"}],"wp:featuredmedia":[{"embeddable":true,"href":"https:\/\/jms.com.bo\/mediamonitor\/wp-json\/wp\/v2\/media\/78327"}],"wp:attachment":[{"href":"https:\/\/jms.com.bo\/mediamonitor\/wp-json\/wp\/v2\/media?parent=78326"}],"wp:term":[{"taxonomy":"category","embeddable":true,"href":"https:\/\/jms.com.bo\/mediamonitor\/wp-json\/wp\/v2\/categories?post=78326"},{"taxonomy":"post_tag","embeddable":true,"href":"https:\/\/jms.com.bo\/mediamonitor\/wp-json\/wp\/v2\/tags?post=78326"}],"curies":[{"name":"wp","href":"https:\/\/api.w.org\/{rel}","templated":true}]}}