{"id":78328,"date":"2025-07-10T06:49:52","date_gmt":"2025-07-10T10:49:52","guid":{"rendered":"https:\/\/jms.com.bo\/mediamonitor\/?p=78328"},"modified":"2025-07-10T06:49:52","modified_gmt":"2025-07-10T10:49:52","slug":"sereci-entrega-este-sabado-el-padron-electoral-el-viernes-18-de-julio-se-sortean-los-jurados","status":"publish","type":"post","link":"https:\/\/jms.com.bo\/mediamonitor\/2025\/07\/10\/sereci-entrega-este-sabado-el-padron-electoral-el-viernes-18-de-julio-se-sortean-los-jurados\/","title":{"rendered":"Serec\u00ed entrega este s\u00e1bado el padr\u00f3n electoral, el viernes 18 de julio se sortean los jurados"},"content":{"rendered":"<p style=\"text-align: justify;\">Este s\u00e1bado 12 de julio, el Servicio de Registro C\u00edvico (Serec\u00ed) entregar\u00e1 a la Direcci\u00f3n Nacional de Tecnolog\u00eda de la Informaci\u00f3n y Comunicaci\u00f3n (DNTIC), del Tribunal Supremo Electoral (TSE), el padr\u00f3n electoral oficial para las elecciones generales y con esa base de datos, se realizar\u00e1 el sorteo de los jurados electorales el 18 de julio.<\/p>\n<p style=\"text-align: justify;\">Se trata de la actividad 44 del Calendario Electoral para las elecciones del 17 de agosto, cuando los bolivianos elegir\u00e1n a las autoridades de los \u00f3rganos Ejecutivo y Legislativo.<\/p>\n<p style=\"text-align: justify;\">\u201cEntrega del Padr\u00f3n Electoral Biom\u00e9trico oficial por el Serec\u00ed Nacional a la DNTIC del TSE para la actualizaci\u00f3n del sistema de consultas \u2018Yo Participo\u2019 y habilitaci\u00f3n de los sistemas electorales\u201d, refiere el documento.<\/p>\n<p style=\"text-align: justify;\">El 1 de julio, el TSE report\u00f3 7.933.415 electores habilitados, 746.680 depurados por fallecimiento y 409.627 ciudadanos inhabilitados: 396.958 porque no votaron (368.076) o no cumplieron las labores de jurado (28.882) y 12.673 por causales t\u00e9cnicas.<\/p>\n<p style=\"text-align: justify;\">De los 409.627 ciudadanos inhabilitados, cerca de 35.000 personas lograron su rehabilitaci\u00f3n entre el 1 y el 4 de julio y se sumar\u00e1n al padr\u00f3n definitivo.<\/p>\n<p style=\"text-align: justify;\">El presidente del Tribunal Electoral Departamental (TED) de Chuquisaca, Mauricio Del R\u00edo, confirm\u00f3 que el s\u00e1bado 12 de julio el Serec\u00ed, junto al TSE, entregar\u00e1 el Padr\u00f3n Electoral Biom\u00e9trico oficial, lo que permitir\u00e1 proceder con el sorteo de jurados de mesa.<\/p>\n<p style=\"text-align: justify;\">\u201cEl martes 15 de julio realizaremos la convocatoria a sesi\u00f3n p\u00fablica para el sorteo, que se llevar\u00e1 a cabo de manera p\u00fablica y aleatoria el viernes 18 de julio\u201d, explic\u00f3 la autoridad.<\/p>\n<p style=\"text-align: justify;\">Asimismo, Del R\u00edo destac\u00f3 el rol clave que cumplen los jurados electorales dentro del proceso democr\u00e1tico: \u201cLos jurados electorales juegan un rol fundamental, se constituyen en autoridades y garantes del proceso electoral. Son las primeras personas que deben cuidar el voto\u201d.<\/p>\n","protected":false},"excerpt":{"rendered":"<p>Este s\u00e1bado 12 de julio, el Servicio de Registro C\u00edvico (Serec\u00ed) entregar\u00e1 a la Direcci\u00f3n Nacional de Tecnolog\u00eda de la Informaci\u00f3n y Comunicaci\u00f3n (DNTIC), del Tribunal Supremo Electoral (TSE), el padr\u00f3n electoral oficial para las elecciones generales y con esa base de datos, se realizar\u00e1 el sorteo de los jurados electorales el 18 de julio. [&hellip;]<\/p>\n","protected":false},"author":2,"featured_media":78329,"comment_status":"closed","ping_status":"open","sticky":false,"template":"","format":"standard","meta":{"footnotes":""},"categories":[18,48,46],"tags":[],"class_list":{"0":"post-78328","1":"post","2":"type-post","3":"status-publish","4":"format-standard","5":"has-post-thumbnail","7":"category-politica","8":"category-portada-general-sitio","9":"category-portada-politica"},"_links":{"self":[{"href":"https:\/\/jms.com.bo\/mediamonitor\/wp-json\/wp\/v2\/posts\/78328","targetHints":{"allow":["GET"]}}],"collection":[{"href":"https:\/\/jms.com.bo\/mediamonitor\/wp-json\/wp\/v2\/posts"}],"about":[{"href":"https:\/\/jms.com.bo\/mediamonitor\/wp-json\/wp\/v2\/types\/post"}],"author":[{"embeddable":true,"href":"https:\/\/jms.com.bo\/mediamonitor\/wp-json\/wp\/v2\/users\/2"}],"replies":[{"embeddable":true,"href":"https:\/\/jms.com.bo\/mediamonitor\/wp-json\/wp\/v2\/comments?post=78328"}],"version-history":[{"count":1,"href":"https:\/\/jms.com.bo\/mediamonitor\/wp-json\/wp\/v2\/posts\/78328\/revisions"}],"predecessor-version":[{"id":78330,"href":"https:\/\/jms.com.bo\/mediamonitor\/wp-json\/wp\/v2\/posts\/78328\/revisions\/78330"}],"wp:featuredmedia":[{"embeddable":true,"href":"https:\/\/jms.com.bo\/mediamonitor\/wp-json\/wp\/v2\/media\/78329"}],"wp:attachment":[{"href":"https:\/\/jms.com.bo\/mediamonitor\/wp-json\/wp\/v2\/media?parent=78328"}],"wp:term":[{"taxonomy":"category","embeddable":true,"href":"https:\/\/jms.com.bo\/mediamonitor\/wp-json\/wp\/v2\/categories?post=78328"},{"taxonomy":"post_tag","embeddable":true,"href":"https:\/\/jms.com.bo\/mediamonitor\/wp-json\/wp\/v2\/tags?post=78328"}],"curies":[{"name":"wp","href":"https:\/\/api.w.org\/{rel}","templated":true}]}}