{"id":78331,"date":"2025-07-10T06:51:14","date_gmt":"2025-07-10T10:51:14","guid":{"rendered":"https:\/\/jms.com.bo\/mediamonitor\/2025\/07\/10\/heladas-afectan-el-8-de-cultivos-porcentaje-minimo-que-no-afecta-a-la-seguridad-alimentaria\/"},"modified":"2025-07-10T06:51:14","modified_gmt":"2025-07-10T10:51:14","slug":"heladas-afectan-el-8-de-cultivos-porcentaje-minimo-que-no-afecta-a-la-seguridad-alimentaria","status":"publish","type":"post","link":"https:\/\/jms.com.bo\/mediamonitor\/2025\/07\/10\/heladas-afectan-el-8-de-cultivos-porcentaje-minimo-que-no-afecta-a-la-seguridad-alimentaria\/","title":{"rendered":"Heladas afectan el 8% de cultivos, porcentaje m\u00ednimo que no afecta a la seguridad alimentaria"},"content":{"rendered":"<p style=\"text-align: justify;\">Las heladas de la temporada afectan al 8% de la superficie cultivada, un porcentaje m\u00ednimo que no afecta a la seguridad alimentaria del pa\u00eds, inform\u00f3 el viceministro de Desarrollo Agropecuario, \u00c1lvaro Mollinedo.<\/p>\n<p style=\"text-align: justify;\">\u201cEstamos hablando de un 8% de afectaci\u00f3n a toda la superficie total cultivada que tenemos (\u2026), el reporte que tenemos es m\u00ednimo no afecta a nuestra seguridad alimentaria, est\u00e1 garantizada la provisi\u00f3n de los diferentes alimentos\u201d, explic\u00f3 afirm\u00f3 la autoridad gubernamental.<\/p>\n<p style=\"text-align: justify;\">Explic\u00f3 que al 7 de julio, los afectados por las heladas son 41 comunidades, 8 municipios en los departamentos de Cochabamba, Chuquisaca, Tarija y Potos\u00ed. En total son 1.450 productores y 592 hect\u00e1reas (ha) de superficie afectadas por este fen\u00f3meno climatol\u00f3gico.<\/p>\n<p style=\"text-align: justify;\">La helada afect\u00f3 tambi\u00e9n al ganado cam\u00e9lido y ovino, 155 cabezas del primero y 48 del segundo.<\/p>\n<p style=\"text-align: justify;\">Los principales cultivos afectados son papa en 309 hect\u00e1reas, ma\u00edz en 168 hect\u00e1reas, arveja en 80 hect\u00e1reas, cebolla en 15 hect\u00e1reas, haba en 15 hect\u00e1reas, trigo en 3 hect\u00e1reas y aj\u00ed en 2 hect\u00e1reas.<\/p>\n","protected":false},"excerpt":{"rendered":"<p>Las heladas de la temporada afectan al 8% de la superficie cultivada, un porcentaje m\u00ednimo que no afecta a la seguridad alimentaria del pa\u00eds, inform\u00f3 el viceministro de Desarrollo Agropecuario, \u00c1lvaro Mollinedo. \u201cEstamos hablando de un 8% de afectaci\u00f3n a toda la superficie total cultivada que tenemos (\u2026), el reporte que tenemos es m\u00ednimo no [&hellip;]<\/p>\n","protected":false},"author":2,"featured_media":78332,"comment_status":"closed","ping_status":"open","sticky":false,"template":"","format":"standard","meta":{"footnotes":""},"categories":[25],"tags":[],"class_list":{"0":"post-78331","1":"post","2":"type-post","3":"status-publish","4":"format-standard","5":"has-post-thumbnail","7":"category-economia"},"_links":{"self":[{"href":"https:\/\/jms.com.bo\/mediamonitor\/wp-json\/wp\/v2\/posts\/78331","targetHints":{"allow":["GET"]}}],"collection":[{"href":"https:\/\/jms.com.bo\/mediamonitor\/wp-json\/wp\/v2\/posts"}],"about":[{"href":"https:\/\/jms.com.bo\/mediamonitor\/wp-json\/wp\/v2\/types\/post"}],"author":[{"embeddable":true,"href":"https:\/\/jms.com.bo\/mediamonitor\/wp-json\/wp\/v2\/users\/2"}],"replies":[{"embeddable":true,"href":"https:\/\/jms.com.bo\/mediamonitor\/wp-json\/wp\/v2\/comments?post=78331"}],"version-history":[{"count":0,"href":"https:\/\/jms.com.bo\/mediamonitor\/wp-json\/wp\/v2\/posts\/78331\/revisions"}],"wp:featuredmedia":[{"embeddable":true,"href":"https:\/\/jms.com.bo\/mediamonitor\/wp-json\/wp\/v2\/media\/78332"}],"wp:attachment":[{"href":"https:\/\/jms.com.bo\/mediamonitor\/wp-json\/wp\/v2\/media?parent=78331"}],"wp:term":[{"taxonomy":"category","embeddable":true,"href":"https:\/\/jms.com.bo\/mediamonitor\/wp-json\/wp\/v2\/categories?post=78331"},{"taxonomy":"post_tag","embeddable":true,"href":"https:\/\/jms.com.bo\/mediamonitor\/wp-json\/wp\/v2\/tags?post=78331"}],"curies":[{"name":"wp","href":"https:\/\/api.w.org\/{rel}","templated":true}]}}