{"id":78344,"date":"2025-07-10T07:05:13","date_gmt":"2025-07-10T11:05:13","guid":{"rendered":"https:\/\/jms.com.bo\/mediamonitor\/2025\/07\/10\/critican-inoperancia-y-falta-de-gestion-de-luis-arce-al-no-garantizar-combustibles\/"},"modified":"2025-07-10T07:05:13","modified_gmt":"2025-07-10T11:05:13","slug":"critican-inoperancia-y-falta-de-gestion-de-luis-arce-al-no-garantizar-combustibles","status":"publish","type":"post","link":"https:\/\/jms.com.bo\/mediamonitor\/2025\/07\/10\/critican-inoperancia-y-falta-de-gestion-de-luis-arce-al-no-garantizar-combustibles\/","title":{"rendered":"Critican inoperancia y falta de gesti\u00f3n de Luis Arce al no garantizar combustibles"},"content":{"rendered":"<p style=\"text-align: justify;\">Las declaraciones del presidente Luis Arce de que no est\u00e1 garantizado el abastecimiento de combustibles si no se aprueban nuevos cr\u00e9ditos en el parlamento gener\u00f3 una avalancha de cr\u00edticas desde sectores productivos, c\u00edvicos, gremiales y transporte en Santa Cruz.<\/p>\n<p style=\"text-align: justify;\">Consideran que hay un sinceramiento tard\u00edo de una realidad que se arrastra desde hace varios a\u00f1os, no hay gesti\u00f3n para solucionar el problema e incluso ven inoperancia del mandatario y su gobierno.<\/p>\n<p style=\"text-align: justify;\">\u201cToda su gesti\u00f3n lo que ha hecho es echarle la culpa a otros. Hoy tiene que asumir su responsabilidad\u201d en la recta final de su mandato, se\u00f1al\u00f3 el c\u00edvico Stello Cochamanidis, quien remarc\u00f3 que los cr\u00e9ditos no est\u00e1n destinados para combustibles y tampoco son de libre disponibilidad.<\/p>\n<p style=\"text-align: justify;\">Juan Carlos Rojas, director de la Uni\u00f3n de Ca\u00f1eros Guabir\u00e1, espera que el gobierno cumpla su compromiso de proveer combustible al sector porque de lo contrario ser\u00eda catastr\u00f3fico. Enfatiz\u00f3 que la ca\u00f1a que no se recoge y transporta a tiempo a los ingenios se pierde. El compromiso del sector es entregar este a\u00f1o 228 millones de litros de etanol y en contrapartida, el gobierno les prometi\u00f3 un di\u00e9sel oportuno.<\/p>\n<p style=\"text-align: justify;\">\u201cSe han cansado de mentirnos en estos a\u00f1os. Ahora por lo menos escuchamos algo de sinceridad. Debi\u00f3 haber tomado acciones para solucionar esta problem\u00e1tica que fue generada por su gobierno y su partido\u201d, a\u00f1adi\u00f3 el dirigente gremial \u00c9dgar \u00c1lvarez. Enfatiz\u00f3 que sin di\u00e9sel se afecta toda la cadena ya que no se puede producir, cosechar y transportar materia prima, que es llevada a las industrias para elaborar productos que su sector comercializa.<\/p>\n<p style=\"text-align: justify;\">\u201cCatastr\u00f3fico\u201d. As\u00ed defini\u00f3 Erland Melgar, de la C\u00e1mara de Transporte del Oriente la situaci\u00f3n de su sector por la falta de combustible, al remarcar que sus afiliados se han visto obligados a cerrar sus negocios o est\u00e1n al borde de la quiebra.<\/p>\n<p style=\"text-align: justify;\">\u201cNuestros camiones est\u00e1n parados en los surtidores y parece que ahora va a ser peor. Dios permita que este 17 de agosto este mal sistema de los \u00faltimos 20 a\u00f1os se vaya\u201d, agreg\u00f3 Melgar.<\/p>\n<p style=\"text-align: justify;\">El gobierno fue electo para garantizar reglas claras y la producci\u00f3n y debe cumplir, remarc\u00f3 Klaus Frerking, presidente de la C\u00e1mara Agropecuaria del Oriente (CAO). En esa l\u00ednea le exigi\u00f3 dar certidumbre y seguridad jur\u00eddica.<\/p>\n<p style=\"text-align: justify;\">En esta campa\u00f1a de invierno se proyecto sembrar 1,2 millones de hect\u00e1reas y a\u00fan est\u00e1n pendientes unas 300 mil hect\u00e1reas de soya, de ah\u00ed la importancia de contar con di\u00e9sel oportuno, porque los ciclos de siembra, desarrollo y cosecha de los cultivos no se pueden posponer, dijo Frerking.<\/p>\n","protected":false},"excerpt":{"rendered":"<p>Las declaraciones del presidente Luis Arce de que no est\u00e1 garantizado el abastecimiento de combustibles si no se aprueban nuevos cr\u00e9ditos en el parlamento gener\u00f3 una avalancha de cr\u00edticas desde sectores productivos, c\u00edvicos, gremiales y transporte en Santa Cruz. Consideran que hay un sinceramiento tard\u00edo de una realidad que se arrastra desde hace varios a\u00f1os, [&hellip;]<\/p>\n","protected":false},"author":2,"featured_media":78345,"comment_status":"closed","ping_status":"open","sticky":false,"template":"","format":"standard","meta":{"footnotes":""},"categories":[1],"tags":[],"class_list":{"0":"post-78344","1":"post","2":"type-post","3":"status-publish","4":"format-standard","5":"has-post-thumbnail","7":"category-uncategorized"},"_links":{"self":[{"href":"https:\/\/jms.com.bo\/mediamonitor\/wp-json\/wp\/v2\/posts\/78344","targetHints":{"allow":["GET"]}}],"collection":[{"href":"https:\/\/jms.com.bo\/mediamonitor\/wp-json\/wp\/v2\/posts"}],"about":[{"href":"https:\/\/jms.com.bo\/mediamonitor\/wp-json\/wp\/v2\/types\/post"}],"author":[{"embeddable":true,"href":"https:\/\/jms.com.bo\/mediamonitor\/wp-json\/wp\/v2\/users\/2"}],"replies":[{"embeddable":true,"href":"https:\/\/jms.com.bo\/mediamonitor\/wp-json\/wp\/v2\/comments?post=78344"}],"version-history":[{"count":0,"href":"https:\/\/jms.com.bo\/mediamonitor\/wp-json\/wp\/v2\/posts\/78344\/revisions"}],"wp:featuredmedia":[{"embeddable":true,"href":"https:\/\/jms.com.bo\/mediamonitor\/wp-json\/wp\/v2\/media\/78345"}],"wp:attachment":[{"href":"https:\/\/jms.com.bo\/mediamonitor\/wp-json\/wp\/v2\/media?parent=78344"}],"wp:term":[{"taxonomy":"category","embeddable":true,"href":"https:\/\/jms.com.bo\/mediamonitor\/wp-json\/wp\/v2\/categories?post=78344"},{"taxonomy":"post_tag","embeddable":true,"href":"https:\/\/jms.com.bo\/mediamonitor\/wp-json\/wp\/v2\/tags?post=78344"}],"curies":[{"name":"wp","href":"https:\/\/api.w.org\/{rel}","templated":true}]}}