{"id":78348,"date":"2025-07-11T07:36:41","date_gmt":"2025-07-11T11:36:41","guid":{"rendered":"https:\/\/jms.com.bo\/mediamonitor\/2025\/07\/11\/bolivia-bordea-la-centena-de-casos-por-sarampion\/"},"modified":"2025-07-11T07:36:41","modified_gmt":"2025-07-11T11:36:41","slug":"bolivia-bordea-la-centena-de-casos-por-sarampion","status":"publish","type":"post","link":"https:\/\/jms.com.bo\/mediamonitor\/2025\/07\/11\/bolivia-bordea-la-centena-de-casos-por-sarampion\/","title":{"rendered":"Bolivia bordea la centena de casos por sarampi\u00f3n"},"content":{"rendered":"<p style=\"text-align: justify;\">Hasta la fecha, en Bolivia existen 98 paciente confirmados con sarampi\u00f3n, de acuerdo con la ministra de Salud y Deportes, Mar\u00eda Ren\u00e9e Castro, quien precis\u00f3 que Santa Cruz es el departamento que concentra la mayor cantidad de pacientes.<\/p>\n<p style=\"text-align: justify;\">Seg\u00fan el detalle, hay 84 casos en Santa Cruz, siete casos se encuentran en el departamento de La Paz, uno en Oruro, cuatro en Potos\u00ed, uno en Chuquisaca y uno en Beni. Sin embargo, en Tarija, Pando y Cochabamba todav\u00eda no present\u00f3 ning\u00fan caso confirmado.<\/p>\n<p style=\"text-align: justify;\">Respecto a la situaci\u00f3n de Santa Cruz, Castro inform\u00f3 que se est\u00e1 analizando en el Comit\u00e9 Intersectorial la situaci\u00f3n para evitar que se presenten nuevos casos confirmados, principalmente en los menores de edad.<\/p>\n<p style=\"text-align: justify;\">Una de las acciones que se recomienda es que se pueda ampliar el descanso pedag\u00f3gico.<\/p>\n","protected":false},"excerpt":{"rendered":"<p>Hasta la fecha, en Bolivia existen 98 paciente confirmados con sarampi\u00f3n, de acuerdo con la ministra de Salud y Deportes, Mar\u00eda Ren\u00e9e Castro, quien precis\u00f3 que Santa Cruz es el departamento que concentra la mayor cantidad de pacientes. Seg\u00fan el detalle, hay 84 casos en Santa Cruz, siete casos se encuentran en el departamento de [&hellip;]<\/p>\n","protected":false},"author":2,"featured_media":78349,"comment_status":"closed","ping_status":"open","sticky":false,"template":"","format":"standard","meta":{"footnotes":""},"categories":[53],"tags":[],"class_list":{"0":"post-78348","1":"post","2":"type-post","3":"status-publish","4":"format-standard","5":"has-post-thumbnail","7":"category-salud"},"_links":{"self":[{"href":"https:\/\/jms.com.bo\/mediamonitor\/wp-json\/wp\/v2\/posts\/78348","targetHints":{"allow":["GET"]}}],"collection":[{"href":"https:\/\/jms.com.bo\/mediamonitor\/wp-json\/wp\/v2\/posts"}],"about":[{"href":"https:\/\/jms.com.bo\/mediamonitor\/wp-json\/wp\/v2\/types\/post"}],"author":[{"embeddable":true,"href":"https:\/\/jms.com.bo\/mediamonitor\/wp-json\/wp\/v2\/users\/2"}],"replies":[{"embeddable":true,"href":"https:\/\/jms.com.bo\/mediamonitor\/wp-json\/wp\/v2\/comments?post=78348"}],"version-history":[{"count":0,"href":"https:\/\/jms.com.bo\/mediamonitor\/wp-json\/wp\/v2\/posts\/78348\/revisions"}],"wp:featuredmedia":[{"embeddable":true,"href":"https:\/\/jms.com.bo\/mediamonitor\/wp-json\/wp\/v2\/media\/78349"}],"wp:attachment":[{"href":"https:\/\/jms.com.bo\/mediamonitor\/wp-json\/wp\/v2\/media?parent=78348"}],"wp:term":[{"taxonomy":"category","embeddable":true,"href":"https:\/\/jms.com.bo\/mediamonitor\/wp-json\/wp\/v2\/categories?post=78348"},{"taxonomy":"post_tag","embeddable":true,"href":"https:\/\/jms.com.bo\/mediamonitor\/wp-json\/wp\/v2\/tags?post=78348"}],"curies":[{"name":"wp","href":"https:\/\/api.w.org\/{rel}","templated":true}]}}