{"id":78350,"date":"2025-07-11T07:38:13","date_gmt":"2025-07-11T11:38:13","guid":{"rendered":"https:\/\/jms.com.bo\/mediamonitor\/2025\/07\/11\/brigadas-van-casa-por-casa-para-detener-el-brote-de-sarampion-antes-de-las-clases\/"},"modified":"2025-07-11T07:38:13","modified_gmt":"2025-07-11T11:38:13","slug":"brigadas-van-casa-por-casa-para-detener-el-brote-de-sarampion-antes-de-las-clases","status":"publish","type":"post","link":"https:\/\/jms.com.bo\/mediamonitor\/2025\/07\/11\/brigadas-van-casa-por-casa-para-detener-el-brote-de-sarampion-antes-de-las-clases\/","title":{"rendered":"Brigadas van casa por casa para detener el brote de sarampi\u00f3n antes de las clases"},"content":{"rendered":"<p style=\"text-align: justify;\">El brote de sarampi\u00f3n en Bolivia contin\u00faa en ascenso y ha activado una respuesta de emergencia sanitaria encabezada por brigadas de vacunaci\u00f3n que recorren casa por casa, principalmente en el departamento de Santa Cruz, epicentro del rebrote. Hasta ayer, el pa\u00eds acumul\u00f3 97 casos confirmados, la mayor\u00eda en menores no vacunados.<\/p>\n<p style=\"text-align: justify;\">Ante la alta transmisibilidad del virus y la baja cobertura de inmunizaci\u00f3n infantil, el Ministerio de Salud, la Organizaci\u00f3n Panamericana de la Salud (OPS) y el Servicio Departamental de Salud (Sedes) de Santa Cruz intensificaron la estrategia de vacunaci\u00f3n puerta a puerta para frenar la propagaci\u00f3n.<\/p>\n<p style=\"text-align: justify;\">\u201c\u00a1S\u00f3lo se necesitan dos dosis para proteger a nuestros peque\u00f1os!\u201d, enfatiz\u00f3 la ministra de Salud, Mar\u00eda Ren\u00e9e Castro, al advertir que la mayor\u00eda de los contagios corresponde a ni\u00f1as y ni\u00f1os que no recibieron ninguna dosis o no completaron el esquema de inmunizaci\u00f3n.<\/p>\n<p style=\"text-align: justify;\">En Santa Cruz, equipos especializados de la OPS acompa\u00f1an el rastrillaje epidemiol\u00f3gico casa por casa para detectar casos, aislar contactos y aplicar vacunas. \u201cSon profesionales con mucha experiencia que vienen a aportar a la estrategia de control del sarampi\u00f3n\u201d, se\u00f1al\u00f3 Dorian Jim\u00e9nez, jefe de Epidemiolog\u00eda del Sedes.<\/p>\n<p style=\"text-align: justify;\">La situaci\u00f3n se torna cr\u00edtica ante el inminente retorno a clases. El Colegio M\u00e9dico de Santa Cruz advirti\u00f3 que, con menos del 10% de menores de 10 a\u00f1os vacunados, el reinicio de actividades escolares podr\u00eda convertirse en un evento de alto contagio. \u201cVa a ser una cat\u00e1strofe porque los ni\u00f1os se van a contagiar de una u otra manera\u201d, alert\u00f3 Alfredo Anzo\u00e1tegui, presidente del ente colegiado.<\/p>\n<p style=\"text-align: justify;\">Mientras tanto, se analizan medidas como extender el receso escolar o implementar clases virtuales en niveles educativos sensibles, como el inicial. \u201cLos m\u00e1s peque\u00f1itos no atienden muy bien frente al celular. Hay que pensar en todos los niveles\u201d, sostuvo Jaime Caraballo, representante de padres de familia.<\/p>\n<p style=\"text-align: justify;\">El Sedes confirm\u00f3 tambi\u00e9n el despliegue de equipos de respuesta r\u00e1pida a municipios con casos recientes, como Pail\u00f3n, para contener posibles focos de expansi\u00f3n. El sarampi\u00f3n es una enfermedad altamente contagiosa que puede provocar complicaciones severas, como neumon\u00eda, encefalitis, ceguera o incluso la muerte.<\/p>\n<p style=\"text-align: justify;\">Las autoridades reiteran el llamado urgente a los padres de familia a acudir a los centros de salud o recibir a las brigadas m\u00f3viles para vacunar a los menores con ambas dosis del esquema.<\/p>\n","protected":false},"excerpt":{"rendered":"<p>El brote de sarampi\u00f3n en Bolivia contin\u00faa en ascenso y ha activado una respuesta de emergencia sanitaria encabezada por brigadas de vacunaci\u00f3n que recorren casa por casa, principalmente en el departamento de Santa Cruz, epicentro del rebrote. Hasta ayer, el pa\u00eds acumul\u00f3 97 casos confirmados, la mayor\u00eda en menores no vacunados. Ante la alta transmisibilidad [&hellip;]<\/p>\n","protected":false},"author":2,"featured_media":78351,"comment_status":"closed","ping_status":"open","sticky":false,"template":"","format":"standard","meta":{"footnotes":""},"categories":[53],"tags":[],"class_list":{"0":"post-78350","1":"post","2":"type-post","3":"status-publish","4":"format-standard","5":"has-post-thumbnail","7":"category-salud"},"_links":{"self":[{"href":"https:\/\/jms.com.bo\/mediamonitor\/wp-json\/wp\/v2\/posts\/78350","targetHints":{"allow":["GET"]}}],"collection":[{"href":"https:\/\/jms.com.bo\/mediamonitor\/wp-json\/wp\/v2\/posts"}],"about":[{"href":"https:\/\/jms.com.bo\/mediamonitor\/wp-json\/wp\/v2\/types\/post"}],"author":[{"embeddable":true,"href":"https:\/\/jms.com.bo\/mediamonitor\/wp-json\/wp\/v2\/users\/2"}],"replies":[{"embeddable":true,"href":"https:\/\/jms.com.bo\/mediamonitor\/wp-json\/wp\/v2\/comments?post=78350"}],"version-history":[{"count":0,"href":"https:\/\/jms.com.bo\/mediamonitor\/wp-json\/wp\/v2\/posts\/78350\/revisions"}],"wp:featuredmedia":[{"embeddable":true,"href":"https:\/\/jms.com.bo\/mediamonitor\/wp-json\/wp\/v2\/media\/78351"}],"wp:attachment":[{"href":"https:\/\/jms.com.bo\/mediamonitor\/wp-json\/wp\/v2\/media?parent=78350"}],"wp:term":[{"taxonomy":"category","embeddable":true,"href":"https:\/\/jms.com.bo\/mediamonitor\/wp-json\/wp\/v2\/categories?post=78350"},{"taxonomy":"post_tag","embeddable":true,"href":"https:\/\/jms.com.bo\/mediamonitor\/wp-json\/wp\/v2\/tags?post=78350"}],"curies":[{"name":"wp","href":"https:\/\/api.w.org\/{rel}","templated":true}]}}