{"id":78352,"date":"2025-07-11T07:40:56","date_gmt":"2025-07-11T11:40:56","guid":{"rendered":"https:\/\/jms.com.bo\/mediamonitor\/2025\/07\/11\/productores-critican-importacion-de-maiz-y-exigen-uso-de-biotecnologia\/"},"modified":"2025-07-11T07:40:56","modified_gmt":"2025-07-11T11:40:56","slug":"productores-critican-importacion-de-maiz-y-exigen-uso-de-biotecnologia","status":"publish","type":"post","link":"https:\/\/jms.com.bo\/mediamonitor\/2025\/07\/11\/productores-critican-importacion-de-maiz-y-exigen-uso-de-biotecnologia\/","title":{"rendered":"Productores critican importaci\u00f3n de ma\u00edz y exigen uso de biotecnolog\u00eda"},"content":{"rendered":"<p style=\"text-align: justify;\">El sector productivo nacional expres\u00f3 su preocupaci\u00f3n por la decisi\u00f3n del Gobierno de suprimir aranceles e incentivar la importaci\u00f3n de ma\u00edz transg\u00e9nico, en lugar de fomentar su cultivo en Bolivia.<\/p>\n<p style=\"text-align: justify;\">Representantes de instituciones como la Asociaci\u00f3n Nacional de Avicultores (ANA) y la Asociaci\u00f3n de Productores de Oleaginosas y Trigo (Anapo) se\u00f1alaron que el pa\u00eds tiene condiciones para autoabastecerse si se permite el uso de biotecnolog\u00eda agr\u00edcola.<\/p>\n<p style=\"text-align: justify;\">\u201cEs grotesco que a los productores bolivianos no los dejen usar biotecnolog\u00eda y, sin embargo, tengamos que importar lo que se puede producir aqu\u00ed\u201d, cuestion\u00f3 Omar Castro, presidente de ANA, al denunciar una pol\u00edtica que, en su criterio, debilita al sector agropecuario.<\/p>\n<p style=\"text-align: justify;\">Record\u00f3 que pa\u00edses vecinos como Paraguay han multiplicado su producci\u00f3n hasta ocho veces gracias a pol\u00edticas de innovaci\u00f3n y libre mercado.<\/p>\n<p style=\"text-align: justify;\">El ma\u00edz es un insumo clave para la alimentaci\u00f3n av\u00edcola y el engorde de animales de ganado, por lo que el rezago en su producci\u00f3n afecta a toda la cadena. Castro tambi\u00e9n observ\u00f3 que el modelo econ\u00f3mico estatal, basado en subsidios y proteccionismo, no ha generado resultados sostenibles.<\/p>\n<p style=\"text-align: justify;\">Por su parte, Jaime Hern\u00e1ndez, gerente general de Anapo, reclam\u00f3 una pol\u00edtica clara que habilite el uso de semillas transg\u00e9nicas. Estim\u00f3 que la productividad podr\u00eda incrementarse hasta en un 80% si se habilita el uso de biotecnolog\u00eda en la producci\u00f3n de ma\u00edz, arroz y trigo.<\/p>\n<p style=\"text-align: justify;\">\u201cPodemos garantizar el autoabastecimiento e incluso generar excedentes para exportar, pero necesitamos una decisi\u00f3n pol\u00edtica que apueste por el desarrollo del sector\u201d, dijo Hern\u00e1ndez.<\/p>\n<p style=\"text-align: justify;\">El reclamo se enmarca en un contexto electoral, donde representantes del agro han empezado a reunirse con candidatos presidenciales para exigir una agenda productiva que fortalezca la seguridad y soberan\u00eda alimentaria del pa\u00eds, sin depender del contrabando ni de mercados externos.<\/p>\n<p style=\"text-align: justify;\">El Gobierno, por su parte, sostiene que est\u00e1 abierto a la biotecnolog\u00eda, pero \u00e9sta es frenada por muchos art\u00edculos de la Constituci\u00f3n.<\/p>\n","protected":false},"excerpt":{"rendered":"<p>El sector productivo nacional expres\u00f3 su preocupaci\u00f3n por la decisi\u00f3n del Gobierno de suprimir aranceles e incentivar la importaci\u00f3n de ma\u00edz transg\u00e9nico, en lugar de fomentar su cultivo en Bolivia. Representantes de instituciones como la Asociaci\u00f3n Nacional de Avicultores (ANA) y la Asociaci\u00f3n de Productores de Oleaginosas y Trigo (Anapo) se\u00f1alaron que el pa\u00eds tiene [&hellip;]<\/p>\n","protected":false},"author":2,"featured_media":78353,"comment_status":"closed","ping_status":"open","sticky":false,"template":"","format":"standard","meta":{"footnotes":""},"categories":[57],"tags":[],"class_list":{"0":"post-78352","1":"post","2":"type-post","3":"status-publish","4":"format-standard","5":"has-post-thumbnail","7":"category-alimentos-y-agroindustria"},"_links":{"self":[{"href":"https:\/\/jms.com.bo\/mediamonitor\/wp-json\/wp\/v2\/posts\/78352","targetHints":{"allow":["GET"]}}],"collection":[{"href":"https:\/\/jms.com.bo\/mediamonitor\/wp-json\/wp\/v2\/posts"}],"about":[{"href":"https:\/\/jms.com.bo\/mediamonitor\/wp-json\/wp\/v2\/types\/post"}],"author":[{"embeddable":true,"href":"https:\/\/jms.com.bo\/mediamonitor\/wp-json\/wp\/v2\/users\/2"}],"replies":[{"embeddable":true,"href":"https:\/\/jms.com.bo\/mediamonitor\/wp-json\/wp\/v2\/comments?post=78352"}],"version-history":[{"count":0,"href":"https:\/\/jms.com.bo\/mediamonitor\/wp-json\/wp\/v2\/posts\/78352\/revisions"}],"wp:featuredmedia":[{"embeddable":true,"href":"https:\/\/jms.com.bo\/mediamonitor\/wp-json\/wp\/v2\/media\/78353"}],"wp:attachment":[{"href":"https:\/\/jms.com.bo\/mediamonitor\/wp-json\/wp\/v2\/media?parent=78352"}],"wp:term":[{"taxonomy":"category","embeddable":true,"href":"https:\/\/jms.com.bo\/mediamonitor\/wp-json\/wp\/v2\/categories?post=78352"},{"taxonomy":"post_tag","embeddable":true,"href":"https:\/\/jms.com.bo\/mediamonitor\/wp-json\/wp\/v2\/tags?post=78352"}],"curies":[{"name":"wp","href":"https:\/\/api.w.org\/{rel}","templated":true}]}}