{"id":78354,"date":"2025-07-11T07:43:04","date_gmt":"2025-07-11T11:43:04","guid":{"rendered":"https:\/\/jms.com.bo\/mediamonitor\/2025\/07\/11\/la-produccion-lechera-en-cochabamba-cae-un-50-e-insumos-se-agotaran-en-15-dias\/"},"modified":"2025-07-11T07:43:04","modified_gmt":"2025-07-11T11:43:04","slug":"la-produccion-lechera-en-cochabamba-cae-un-50-e-insumos-se-agotaran-en-15-dias","status":"publish","type":"post","link":"https:\/\/jms.com.bo\/mediamonitor\/2025\/07\/11\/la-produccion-lechera-en-cochabamba-cae-un-50-e-insumos-se-agotaran-en-15-dias\/","title":{"rendered":"La producci\u00f3n lechera en Cochabamba cae un 50% e insumos se agotar\u00e1n en 15 d\u00edas"},"content":{"rendered":"<p style=\"text-align: justify;\">La Asociaci\u00f3n de Productores de Leche de Cochabamba (APLC) advirti\u00f3 que la falta de di\u00e9sel est\u00e1 afectando gravemente a la producci\u00f3n lechera en el departamento, debido a que los insumos y alimentos necesarios para las granjas no est\u00e1n llegando desde Santa Cruz. La situaci\u00f3n podr\u00eda agravarse en las pr\u00f3ximas semanas si no se restablece el suministro de combustible.<\/p>\n<p style=\"text-align: justify;\">Jhonny Alba, ejecutivo de la APLC, inform\u00f3 en entrevista con Radio Fides que las reservas de insumos alcanzar\u00e1n solo hasta la quincena de julio, y que si no se normaliza la log\u00edstica, la producci\u00f3n lechera podr\u00eda entrar en una fase cr\u00edtica.<\/p>\n<p style=\"text-align: justify;\">\u201cMayormente, los insumos para el sector lechero de Cochabamba vienen del oriente, de Santa Cruz. Estamos hablando de casta\u00f1a de soya, soya solvente, ma\u00edz. Pero los camiones est\u00e1n paralizados tanto all\u00e1 como aqu\u00ed porque no hay di\u00e9sel. Esa es la situaci\u00f3n que nos est\u00e1n reportando los transportistas\u201d, explic\u00f3.<\/p>\n<p style=\"text-align: justify;\">El dirigente detall\u00f3 que, como asociaci\u00f3n, lograron prever esta situaci\u00f3n y acumularon insumos previamente. Sin embargo, la situaci\u00f3n ya es insostenible. \u201cEn esta \u00faltima semana la llegada de alimentos se redujo en un 50%, porque los veh\u00edculos est\u00e1n atrapados en las filas. Si no logramos reponer nuestros insumos, la pr\u00f3xima quincena ya empezaremos a sentir el desabastecimiento\u201d, alert\u00f3.<\/p>\n<p style=\"text-align: justify;\">Alba tambi\u00e9n se\u00f1al\u00f3 que no solo est\u00e1 en riesgo la alimentaci\u00f3n del ganado, sino tambi\u00e9n el procesamiento del alimento balanceado y la entrega de subproductos como la cascarilla de soya que los productores intercambian o adquieren de las industrias asentadas en Santa Cruz.<\/p>\n<p style=\"text-align: justify;\">\u201cSi no hay transporte, no hay forma de traer el cupo que nos corresponde desde all\u00e1. Todo viene del oriente, y sin di\u00e9sel, simplemente no hay c\u00f3mo operar\u201d, a\u00f1adi\u00f3.<\/p>\n<p style=\"text-align: justify;\">Los productores lecheros de Cochabamba abastecen a una parte significativa del mercado local y nacional. Una interrupci\u00f3n en su cadena de suministro no solo pondr\u00eda en riesgo la producci\u00f3n en granja, sino tambi\u00e9n la provisi\u00f3n de leche y derivados en el mercado boliviano.<\/p>\n<p style=\"text-align: justify;\">Este sector se suman a diversos sectores del pa\u00eds \u2014agricultores, transportistas, comerciantes y consumidores\u2014 que vienen denunciando los efectos de la crisis energ\u00e9tica y la falta de combustibles en medio de una coyuntura econ\u00f3mica cr\u00edtica.<\/p>\n","protected":false},"excerpt":{"rendered":"<p>La Asociaci\u00f3n de Productores de Leche de Cochabamba (APLC) advirti\u00f3 que la falta de di\u00e9sel est\u00e1 afectando gravemente a la producci\u00f3n lechera en el departamento, debido a que los insumos y alimentos necesarios para las granjas no est\u00e1n llegando desde Santa Cruz. La situaci\u00f3n podr\u00eda agravarse en las pr\u00f3ximas semanas si no se restablece el [&hellip;]<\/p>\n","protected":false},"author":2,"featured_media":78355,"comment_status":"closed","ping_status":"open","sticky":false,"template":"","format":"standard","meta":{"footnotes":""},"categories":[57],"tags":[],"class_list":{"0":"post-78354","1":"post","2":"type-post","3":"status-publish","4":"format-standard","5":"has-post-thumbnail","7":"category-alimentos-y-agroindustria"},"_links":{"self":[{"href":"https:\/\/jms.com.bo\/mediamonitor\/wp-json\/wp\/v2\/posts\/78354","targetHints":{"allow":["GET"]}}],"collection":[{"href":"https:\/\/jms.com.bo\/mediamonitor\/wp-json\/wp\/v2\/posts"}],"about":[{"href":"https:\/\/jms.com.bo\/mediamonitor\/wp-json\/wp\/v2\/types\/post"}],"author":[{"embeddable":true,"href":"https:\/\/jms.com.bo\/mediamonitor\/wp-json\/wp\/v2\/users\/2"}],"replies":[{"embeddable":true,"href":"https:\/\/jms.com.bo\/mediamonitor\/wp-json\/wp\/v2\/comments?post=78354"}],"version-history":[{"count":0,"href":"https:\/\/jms.com.bo\/mediamonitor\/wp-json\/wp\/v2\/posts\/78354\/revisions"}],"wp:featuredmedia":[{"embeddable":true,"href":"https:\/\/jms.com.bo\/mediamonitor\/wp-json\/wp\/v2\/media\/78355"}],"wp:attachment":[{"href":"https:\/\/jms.com.bo\/mediamonitor\/wp-json\/wp\/v2\/media?parent=78354"}],"wp:term":[{"taxonomy":"category","embeddable":true,"href":"https:\/\/jms.com.bo\/mediamonitor\/wp-json\/wp\/v2\/categories?post=78354"},{"taxonomy":"post_tag","embeddable":true,"href":"https:\/\/jms.com.bo\/mediamonitor\/wp-json\/wp\/v2\/tags?post=78354"}],"curies":[{"name":"wp","href":"https:\/\/api.w.org\/{rel}","templated":true}]}}