{"id":78356,"date":"2025-07-11T07:44:42","date_gmt":"2025-07-11T11:44:42","guid":{"rendered":"https:\/\/jms.com.bo\/mediamonitor\/2025\/07\/11\/camara-agropecuaria-de-cochabamba-sin-diesel-la-produccion-se-frena-y-los-precios-se-disparan\/"},"modified":"2025-07-11T07:44:42","modified_gmt":"2025-07-11T11:44:42","slug":"camara-agropecuaria-de-cochabamba-sin-diesel-la-produccion-se-frena-y-los-precios-se-disparan","status":"publish","type":"post","link":"https:\/\/jms.com.bo\/mediamonitor\/2025\/07\/11\/camara-agropecuaria-de-cochabamba-sin-diesel-la-produccion-se-frena-y-los-precios-se-disparan\/","title":{"rendered":"C\u00e1mara Agropecuaria de Cochabamba: \u201cSin di\u00e9sel, la producci\u00f3n se frena y los precios se disparan\u201d"},"content":{"rendered":"<p style=\"text-align: justify;\">Rolando Morales, presidente de la C\u00e1mara Agropecuaria de Cochabamba, asegur\u00f3 que la posibilidad de que el Estado no pueda adquirir di\u00e9sel y gasolina genera alarma en todo el aparato productivo. \u201cEl Gobierno no garantiza el abastecimiento normal de combustible para los pr\u00f3ximos meses. Eso nos ha generado un problema interno muy delicado\u201d, se\u00f1al\u00f3.<\/p>\n<p style=\"text-align: justify;\">El sector se mostr\u00f3 alarmado ante las recientes declaraciones del presidente Luis Arce, quien admiti\u00f3 que el Gobierno no puede garantizar el abastecimiento regular de combustibles en los pr\u00f3ximos meses. Para los productores, esta falta de certeza representa una amenaza directa a la estabilidad econ\u00f3mica y alimentaria del pa\u00eds.<\/p>\n<p style=\"text-align: justify;\">El dirigente explic\u00f3 que una eventual escasez de combustibles impactar\u00eda de forma inmediata en la producci\u00f3n, el transporte y la log\u00edstica agr\u00edcola, generando p\u00e9rdidas econ\u00f3micas cuantiosas y una posible escalada de precios. \u201cSin esa garant\u00eda por parte del Gobierno Nacional, tememos que se acelere la inflaci\u00f3n. La falta de combustibles tambi\u00e9n implicar\u00eda un aumento en los costos operativos, lo que se traducir\u00eda en una subida generalizada de precios\u201d, agreg\u00f3.<\/p>\n<p style=\"text-align: justify;\">Impacto directo en los consumidores<\/p>\n<p style=\"text-align: justify;\">Desde la C\u00e1mara Agropecuaria advirtieron que esta situaci\u00f3n no solo afecta al sector productivo, sino que tambi\u00e9n pone presi\u00f3n sobre el poder adquisitivo de las familias bolivianas, al elevar los precios de los alimentos y servicios. \u201cSi no llega la cantidad suficiente de combustible, podr\u00edamos tener un incremento totalmente descontrolado en el precio de los productos\u201d, alert\u00f3 Morales.<\/p>\n<p style=\"text-align: justify;\">Como ejemplo, cit\u00f3 lo ocurrido recientemente en el tr\u00f3pico de Cochabamba, donde bloqueos y escasez de combustible provocaron una distorsi\u00f3n abrupta de precios. \u201cEn los \u00faltimos 15 d\u00edas, la gasolina lleg\u00f3 a venderse a 23 bolivianos el litro y el di\u00e9sel a 18. Eso, por supuesto, genera serios problemas para todo el sistema de distribuci\u00f3n y comercializaci\u00f3n\u201d, indic\u00f3.<\/p>\n<p style=\"text-align: justify;\">Los agropecuarios cochabambinos se suman as\u00ed a otros sectores que demandan al Gobierno acciones urgentes para garantizar el suministro de di\u00e9sel y gasolina, en un contexto de creciente tensi\u00f3n econ\u00f3mica y energ\u00e9tica que amenaza con afectar la seguridad alimentaria del pa\u00eds.<\/p>\n","protected":false},"excerpt":{"rendered":"<p>Rolando Morales, presidente de la C\u00e1mara Agropecuaria de Cochabamba, asegur\u00f3 que la posibilidad de que el Estado no pueda adquirir di\u00e9sel y gasolina genera alarma en todo el aparato productivo. \u201cEl Gobierno no garantiza el abastecimiento normal de combustible para los pr\u00f3ximos meses. Eso nos ha generado un problema interno muy delicado\u201d, se\u00f1al\u00f3. El sector [&hellip;]<\/p>\n","protected":false},"author":2,"featured_media":78357,"comment_status":"closed","ping_status":"open","sticky":false,"template":"","format":"standard","meta":{"footnotes":""},"categories":[57],"tags":[],"class_list":{"0":"post-78356","1":"post","2":"type-post","3":"status-publish","4":"format-standard","5":"has-post-thumbnail","7":"category-alimentos-y-agroindustria"},"_links":{"self":[{"href":"https:\/\/jms.com.bo\/mediamonitor\/wp-json\/wp\/v2\/posts\/78356","targetHints":{"allow":["GET"]}}],"collection":[{"href":"https:\/\/jms.com.bo\/mediamonitor\/wp-json\/wp\/v2\/posts"}],"about":[{"href":"https:\/\/jms.com.bo\/mediamonitor\/wp-json\/wp\/v2\/types\/post"}],"author":[{"embeddable":true,"href":"https:\/\/jms.com.bo\/mediamonitor\/wp-json\/wp\/v2\/users\/2"}],"replies":[{"embeddable":true,"href":"https:\/\/jms.com.bo\/mediamonitor\/wp-json\/wp\/v2\/comments?post=78356"}],"version-history":[{"count":0,"href":"https:\/\/jms.com.bo\/mediamonitor\/wp-json\/wp\/v2\/posts\/78356\/revisions"}],"wp:featuredmedia":[{"embeddable":true,"href":"https:\/\/jms.com.bo\/mediamonitor\/wp-json\/wp\/v2\/media\/78357"}],"wp:attachment":[{"href":"https:\/\/jms.com.bo\/mediamonitor\/wp-json\/wp\/v2\/media?parent=78356"}],"wp:term":[{"taxonomy":"category","embeddable":true,"href":"https:\/\/jms.com.bo\/mediamonitor\/wp-json\/wp\/v2\/categories?post=78356"},{"taxonomy":"post_tag","embeddable":true,"href":"https:\/\/jms.com.bo\/mediamonitor\/wp-json\/wp\/v2\/tags?post=78356"}],"curies":[{"name":"wp","href":"https:\/\/api.w.org\/{rel}","templated":true}]}}