{"id":78360,"date":"2025-07-11T07:48:42","date_gmt":"2025-07-11T11:48:42","guid":{"rendered":"https:\/\/jms.com.bo\/mediamonitor\/2025\/07\/11\/denuncian-secuestro-de-20-personas-en-toma-violenta-de-fundo-agrario-de-guarayos\/"},"modified":"2025-07-11T07:48:42","modified_gmt":"2025-07-11T11:48:42","slug":"denuncian-secuestro-de-20-personas-en-toma-violenta-de-fundo-agrario-de-guarayos","status":"publish","type":"post","link":"https:\/\/jms.com.bo\/mediamonitor\/2025\/07\/11\/denuncian-secuestro-de-20-personas-en-toma-violenta-de-fundo-agrario-de-guarayos\/","title":{"rendered":"Denuncian secuestro de 20 personas en toma violenta de fundo agrario de Guarayos"},"content":{"rendered":"<p style=\"text-align: justify;\">Una nueva incursi\u00f3n violenta de avasalladores armados en la propiedad Santa Rita, ubicada en el municipio de El Puente, provincia Guarayos de Santa Cruz, dej\u00f3 el martes reci\u00e9n pasado, al menos 20 personas secuestradas, entre ellas el propio propietario del predio.<\/p>\n<p style=\"text-align: justify;\">El hecho marca el quinto episodio de toma ilegal en menos de un a\u00f1o, seg\u00fan denunci\u00f3 el abogado de los due\u00f1os del terreno, \u00c1lvaro Latorre.<\/p>\n<p style=\"text-align: justify;\">De acuerdo con el jurista, los avasalladores \u2013identificados como miembros de sectores interculturales\u2013 construyeron un puente improvisado para ingresar a la finca por una zona lim\u00edtrofe con Santagro. Una vez dentro, rodearon el campamento, bloquearon los caminos internos con motocicletas y abrieron fuego. Un trabajador result\u00f3 herido por un disparo a distancia que, seg\u00fan Latorre, sugiere la intervenci\u00f3n de un francotirador.<\/p>\n<p style=\"text-align: justify;\">\u201cEl propietario hab\u00eda ido a brindar apoyo moral a sus trabajadores, pero al hacer un sobrevuelo con dron detect\u00f3 el ingreso de encapuchados. Luego, cuando los empleados fueron a inspeccionar, fueron recibidos a tiros\u201d, relat\u00f3 Latorre.<\/p>\n<p style=\"text-align: justify;\">Seg\u00fan report\u00f3 el diario El Deber, el grupo armado mantiene sitiadas a las personas que se encontraban dentro del predio, sin permitir su salida ni la evacuaci\u00f3n del herido. \u201cEst\u00e1n literalmente secuestrados. Nos mandaron un mensaje que dice \u2018puedes decir que estamos secuestrados\u2019\u201d, afirm\u00f3 el abogado en contacto con medios.<\/p>\n<p style=\"text-align: justify;\">Latorre responsabiliz\u00f3 directamente a los dirigentes interculturales Vicente O. y El\u00edas T., quienes \u2013dijo\u2013 tienen \u00f3rdenes de aprehensi\u00f3n vigentes por hechos anteriores en la misma propiedad, pero contin\u00faan en libertad. Tambi\u00e9n acus\u00f3 a Esteban A., dirigente intercultural y presunto candidato a senador por el MAS en Santa Cruz, de ser el autor intelectual del ataque.<\/p>\n<p style=\"text-align: justify;\">\u201cEstamos hablando de una organizaci\u00f3n criminal armada. El Gobierno tiene las unidades necesarias para intervenir, como el DACI (Departamento de An\u00e1lisis Criminal e Inteligencia) o Inteligencia, pero no hay voluntad pol\u00edtica\u201d, advirti\u00f3 el abogado, quien pidi\u00f3 la intervenci\u00f3n urgente de la Polic\u00eda para rescatar a los secuestrados y atender al herido.<\/p>\n<p style=\"text-align: justify;\">La propiedad Santa Rita est\u00e1 ubicada en una zona de alta conflictividad territorial, cercana a la finca Las Londras, escenario de otro caso emblem\u00e1tico de avasallamiento violento en los \u00faltimos a\u00f1os.<\/p>\n<p style=\"text-align: justify;\">\n","protected":false},"excerpt":{"rendered":"<p>Una nueva incursi\u00f3n violenta de avasalladores armados en la propiedad Santa Rita, ubicada en el municipio de El Puente, provincia Guarayos de Santa Cruz, dej\u00f3 el martes reci\u00e9n pasado, al menos 20 personas secuestradas, entre ellas el propio propietario del predio. El hecho marca el quinto episodio de toma ilegal en menos de un a\u00f1o, [&hellip;]<\/p>\n","protected":false},"author":2,"featured_media":78361,"comment_status":"closed","ping_status":"open","sticky":false,"template":"","format":"standard","meta":{"footnotes":""},"categories":[49],"tags":[],"class_list":{"0":"post-78360","1":"post","2":"type-post","3":"status-publish","4":"format-standard","5":"has-post-thumbnail","7":"category-social"},"_links":{"self":[{"href":"https:\/\/jms.com.bo\/mediamonitor\/wp-json\/wp\/v2\/posts\/78360","targetHints":{"allow":["GET"]}}],"collection":[{"href":"https:\/\/jms.com.bo\/mediamonitor\/wp-json\/wp\/v2\/posts"}],"about":[{"href":"https:\/\/jms.com.bo\/mediamonitor\/wp-json\/wp\/v2\/types\/post"}],"author":[{"embeddable":true,"href":"https:\/\/jms.com.bo\/mediamonitor\/wp-json\/wp\/v2\/users\/2"}],"replies":[{"embeddable":true,"href":"https:\/\/jms.com.bo\/mediamonitor\/wp-json\/wp\/v2\/comments?post=78360"}],"version-history":[{"count":0,"href":"https:\/\/jms.com.bo\/mediamonitor\/wp-json\/wp\/v2\/posts\/78360\/revisions"}],"wp:featuredmedia":[{"embeddable":true,"href":"https:\/\/jms.com.bo\/mediamonitor\/wp-json\/wp\/v2\/media\/78361"}],"wp:attachment":[{"href":"https:\/\/jms.com.bo\/mediamonitor\/wp-json\/wp\/v2\/media?parent=78360"}],"wp:term":[{"taxonomy":"category","embeddable":true,"href":"https:\/\/jms.com.bo\/mediamonitor\/wp-json\/wp\/v2\/categories?post=78360"},{"taxonomy":"post_tag","embeddable":true,"href":"https:\/\/jms.com.bo\/mediamonitor\/wp-json\/wp\/v2\/tags?post=78360"}],"curies":[{"name":"wp","href":"https:\/\/api.w.org\/{rel}","templated":true}]}}