{"id":79022,"date":"2025-08-01T07:31:06","date_gmt":"2025-08-01T11:31:06","guid":{"rendered":"https:\/\/jms.com.bo\/mediamonitor\/2025\/08\/01\/plan-agroindustrial-busca-tierra-sin-control-y-mas-transgenicos\/"},"modified":"2025-08-01T07:31:06","modified_gmt":"2025-08-01T11:31:06","slug":"plan-agroindustrial-busca-tierra-sin-control-y-mas-transgenicos","status":"publish","type":"post","link":"https:\/\/jms.com.bo\/mediamonitor\/2025\/08\/01\/plan-agroindustrial-busca-tierra-sin-control-y-mas-transgenicos\/","title":{"rendered":"Plan agroindustrial busca tierra sin control y m\u00e1s transg\u00e9nicos"},"content":{"rendered":"<p style=\"text-align: justify;\">En un contexto electoral marcado por la crisis econ\u00f3mica y la carrera por captar apoyos del empresariado, la Fundaci\u00f3n Tierra advirti\u00f3 que las propuestas del sector agroindustrial, asumidas sin cuestionamiento por varios candidatos, apuntan a profundizar un modelo extractivista que promueve el uso extendido de transg\u00e9nicos, la expansi\u00f3n de biocombustibles y el blindaje legal de la tierra.<\/p>\n<p style=\"text-align: justify;\">\u201cHablan de fortalecer la seguridad jur\u00eddica, pero en realidad buscan frenar cualquier fiscalizaci\u00f3n sobre el uso real de la propiedad agraria\u201d, alert\u00f3 el director de la instituci\u00f3n, Juan Pablo Chumacero, durante el foro nacional \u201cElecciones y agroexportaci\u00f3n\u2026 \u00bfUna respuesta viable y sostenible a la crisis?, que se realiz\u00f3 el pasado 22 de julio.<\/p>\n<p style=\"text-align: justify;\">En junio, los agropecuarios de Santa Cruz organizaron el Foro Agropecuario 2025, en el que presentaron sus demandas y propuestas que giran alrededor del uso de semillas transg\u00e9nicas, libre exportaci\u00f3n de productos, eliminaci\u00f3n de cupos, desarrollo de biocombustibles y el fortalecimiento de la seguridad jur\u00eddica sobre la tierra.<\/p>\n<p style=\"text-align: justify;\">\u201cLa mayor\u00eda de los candidatos con mayor intenci\u00f3n de voto se alinearon sin reservas con los cinco puntos troncales que plantea el sector agroindustrial\u201d, afirm\u00f3 Chumacero, quien resalt\u00f3 que lo referido al fortalecimiento de la seguridad jur\u00eddica sobre la tierra, \u201ces una forma elegante de decir que quieren frenar cualquier fiscalizaci\u00f3n o verificaci\u00f3n sobre el uso real de la propiedad agraria\u201d.<\/p>\n<p style=\"text-align: justify;\">Chumacero cuestion\u00f3 las intervenciones de postulantes como Tuto Quiroga, Samuel Doria Medina y Manfred Reyes Villa en el foro de Santa Cruz. \u201cLo hicieron con un nivel de adhesi\u00f3n tal que parecer\u00eda que el programa de gobierno lo redact\u00f3 directamente el empresariado agroexportador\u201d, ironiz\u00f3.<\/p>\n<p style=\"text-align: justify;\">Adem\u00e1s, subray\u00f3 que mientras los discursos prometen \u201cduplicar la producci\u00f3n de soya y triplicar la de ma\u00edz sin ampliar una sola hect\u00e1rea de la frontera agr\u00edcola\u201d, empleando para ello la biotecnolog\u00eda, en la pr\u00e1ctica, buen parte de la actual producci\u00f3n de soya y ma\u00edz en Santa Cruz emplea semillas transg\u00e9nicas no permitidas que entran de contrabando y a pesar de ello, no se evidencia un salto importante en t\u00e9rminos de rendimientos.<\/p>\n<p style=\"text-align: justify;\">Seg\u00fan su an\u00e1lisis, el crecimiento proyectado por los empresarios no se basa en datos reales. \u201cHablan de un salto tecnol\u00f3gico, pero los rendimientos no han aumentado significativamente. El verdadero impacto de los transg\u00e9nicos es que reducen los costos de producci\u00f3n y elevan las ganancias de los grandes productores, no que beneficien al pa\u00eds en t\u00e9rminos de seguridad alimentaria\u201d.<\/p>\n<p style=\"text-align: justify;\">La preocupaci\u00f3n por el contexto econ\u00f3mico fue central en su intervenci\u00f3n. Chumacero traz\u00f3 un panorama alarmante: ca\u00edda de ingresos por exportaciones de gas, escasez de d\u00f3lares, inflaci\u00f3n y dependencia casi total de combustibles importados. \u201cEl pa\u00eds est\u00e1 atrapado en un ciclo negativo de deterioro constante. La respuesta que plantean las alianzas pol\u00edticas es recurrir a pr\u00e9stamos multimillonarios y medidas de ajuste fiscal, pero nadie habla de c\u00f3mo va a impactar eso en los bolsillos de la gente\u201d, advirti\u00f3. \u201cEstamos al borde del colapso y las soluciones que se ofrecen tienen un alt\u00edsimo costo social: pobreza, informalidad, desempleo. \u00bfQui\u00e9n va a pagar ese precio?\u201d.<\/p>\n<p style=\"text-align: justify;\">En ese marco, el papel que se le otorga al agro como motor de reactivaci\u00f3n econ\u00f3mica aparece como una apuesta transversal en las propuestas. Pero, seg\u00fan el economista, \u201cnadie quiere hablar del costo ambiental\u201d. Chumacero record\u00f3 que los tres pilares productivos priorizados por los candidatos \u2014minerales, hidrocarburos y agroindustria\u2014 son tambi\u00e9n los que m\u00e1s deforestaci\u00f3n, contaminaci\u00f3n y conflictividad ambiental han generado.<\/p>\n<p style=\"text-align: justify;\">\u201cHay una ausencia casi total de propuestas serias sobre mitigaci\u00f3n de impactos. Ni una sola candidatura plantea c\u00f3mo enfrentar los efectos de este modelo sobre los recursos h\u00eddricos, los territorios ind\u00edgenas o las \u00e1reas protegidas\u201d, denunci\u00f3.<\/p>\n<p style=\"text-align: justify;\">Uno de los puntos m\u00e1s cr\u00edticos de su intervenci\u00f3n fue la situaci\u00f3n de los avasallamientos de tierras. \u201cNo solo se avasallan propiedades privadas, tambi\u00e9n territorios ind\u00edgenas, \u00e1reas protegidas, tierras fiscales. Lo grave es que la informaci\u00f3n que permite esos avasallamientos proviene del propio Estado. Los grupos acceden por canales subterr\u00e1neos a datos sobre tierras en litigio o sin titularidad clara\u201d, afirm\u00f3, al se\u00f1alar que esta pr\u00e1ctica se vincula con redes de tr\u00e1fico de tierras, violencia armada y hasta narcotr\u00e1fico. \u201cNo conocemos ni un solo caso de alguien encarcelado por avasallar tierras. Hay procesos, s\u00ed, pero no hay sanci\u00f3n. Hay impunidad total\u201d.<\/p>\n<p style=\"text-align: justify;\">Sobre la funci\u00f3n econ\u00f3mica social (FES) de la tierra \u2014obligaci\u00f3n legal de que las propiedades agrarias cumplan un rol productivo o de conservaci\u00f3n\u2014, Chumacero fue enf\u00e1tico: \u201cEl empresariado pide suspender su verificaci\u00f3n por 10 a\u00f1os. Eso equivale a legalizar el uso especulativo de la tierra. Pero la tierra no es un bien como un auto o una casa. Es un bien com\u00fan, debe cumplir una funci\u00f3n que beneficie al pa\u00eds\u201d.<\/p>\n<p style=\"text-align: justify;\">En relaci\u00f3n al impulso estatal a los biocombustibles, tambi\u00e9n critic\u00f3 las contradicciones. \u201cSe apost\u00f3 por la palma africana en el norte de La Paz y fue un fracaso rotundo. A finales del 2024 no hab\u00eda ni 50 hect\u00e1reas sembradas. Ahora quieren destinar millones a sembrar soya en la misma zona. Pero si la soya es el principal producto de exportaci\u00f3n que nos permitir\u00eda obtener d\u00f3lares, \u00bfqu\u00e9 sentido tiene emplearla en forma de biodi\u00e9sel en vez de venderla al exterior?\u201d, se pregunt\u00f3.<\/p>\n<p style=\"text-align: justify;\">Finalmente, lanz\u00f3 una advertencia sobre la direcci\u00f3n que est\u00e1 tomando el debate electoral: \u201cHay un riesgo enorme de que los derechos de las poblaciones m\u00e1s vulnerables \u2014campesinos, ind\u00edgenas, mujeres, ni\u00f1os\u2014 se subordinen por completo a la l\u00f3gica econ\u00f3mica. Si no recuperamos la institucionalidad y no exigimos propuestas serias, nos espera un escenario de mayor desigualdad y deterioro\u201d.<\/p>\n<p style=\"text-align: justify;\">\u201cNo hay salida f\u00e1cil. Pero lo m\u00ednimo que la clase pol\u00edtica deber\u00eda ofrecernos es honestidad sobre los impactos reales de sus propuestas. Porque lo que est\u00e1 en juego no es solo la econom\u00eda, es el futuro del pa\u00eds\u201d, concluy\u00f3. (Fundaci\u00f3n Tierra)<\/p>\n","protected":false},"excerpt":{"rendered":"<p>En un contexto electoral marcado por la crisis econ\u00f3mica y la carrera por captar apoyos del empresariado, la Fundaci\u00f3n Tierra advirti\u00f3 que las propuestas del sector agroindustrial, asumidas sin cuestionamiento por varios candidatos, apuntan a profundizar un modelo extractivista que promueve el uso extendido de transg\u00e9nicos, la expansi\u00f3n de biocombustibles y el blindaje legal de [&hellip;]<\/p>\n","protected":false},"author":2,"featured_media":79023,"comment_status":"closed","ping_status":"open","sticky":false,"template":"","format":"standard","meta":{"footnotes":""},"categories":[57],"tags":[],"class_list":{"0":"post-79022","1":"post","2":"type-post","3":"status-publish","4":"format-standard","5":"has-post-thumbnail","7":"category-alimentos-y-agroindustria"},"_links":{"self":[{"href":"https:\/\/jms.com.bo\/mediamonitor\/wp-json\/wp\/v2\/posts\/79022","targetHints":{"allow":["GET"]}}],"collection":[{"href":"https:\/\/jms.com.bo\/mediamonitor\/wp-json\/wp\/v2\/posts"}],"about":[{"href":"https:\/\/jms.com.bo\/mediamonitor\/wp-json\/wp\/v2\/types\/post"}],"author":[{"embeddable":true,"href":"https:\/\/jms.com.bo\/mediamonitor\/wp-json\/wp\/v2\/users\/2"}],"replies":[{"embeddable":true,"href":"https:\/\/jms.com.bo\/mediamonitor\/wp-json\/wp\/v2\/comments?post=79022"}],"version-history":[{"count":0,"href":"https:\/\/jms.com.bo\/mediamonitor\/wp-json\/wp\/v2\/posts\/79022\/revisions"}],"wp:featuredmedia":[{"embeddable":true,"href":"https:\/\/jms.com.bo\/mediamonitor\/wp-json\/wp\/v2\/media\/79023"}],"wp:attachment":[{"href":"https:\/\/jms.com.bo\/mediamonitor\/wp-json\/wp\/v2\/media?parent=79022"}],"wp:term":[{"taxonomy":"category","embeddable":true,"href":"https:\/\/jms.com.bo\/mediamonitor\/wp-json\/wp\/v2\/categories?post=79022"},{"taxonomy":"post_tag","embeddable":true,"href":"https:\/\/jms.com.bo\/mediamonitor\/wp-json\/wp\/v2\/tags?post=79022"}],"curies":[{"name":"wp","href":"https:\/\/api.w.org\/{rel}","templated":true}]}}