{"id":79026,"date":"2025-08-01T07:33:27","date_gmt":"2025-08-01T11:33:27","guid":{"rendered":"https:\/\/jms.com.bo\/mediamonitor\/2025\/08\/01\/tras-reunion-con-el-gobierno-panificadores-suspenden-su-paro\/"},"modified":"2025-08-01T07:33:27","modified_gmt":"2025-08-01T11:33:27","slug":"tras-reunion-con-el-gobierno-panificadores-suspenden-su-paro","status":"publish","type":"post","link":"https:\/\/jms.com.bo\/mediamonitor\/2025\/08\/01\/tras-reunion-con-el-gobierno-panificadores-suspenden-su-paro\/","title":{"rendered":"Tras reuni\u00f3n con el Gobierno, panificadores suspenden su paro"},"content":{"rendered":"<p style=\"text-align: justify;\">Tras una reuni\u00f3n con el Gobierno, Rub\u00e9n R\u00edos, m\u00e1ximo dirigente de los panificadores del pa\u00eds, anunci\u00f3 la noche de este jueves que su sector suspende el paro de 48 horas que hab\u00eda iniciado en esta jornada, por lo que la distribuci\u00f3n de este producto se normalizar\u00e1 desde este viernes, a Bs 0,50 la unidad.<\/p>\n<p style=\"text-align: justify;\">El dirigente dijo que el Gobierno se comprometi\u00f3 a la distribuci\u00f3n de harina e insumos. Acot\u00f3 que espera que entregue estos productos que est\u00e1n pendientes desde enero de este a\u00f1o.<\/p>\n","protected":false},"excerpt":{"rendered":"<p>Tras una reuni\u00f3n con el Gobierno, Rub\u00e9n R\u00edos, m\u00e1ximo dirigente de los panificadores del pa\u00eds, anunci\u00f3 la noche de este jueves que su sector suspende el paro de 48 horas que hab\u00eda iniciado en esta jornada, por lo que la distribuci\u00f3n de este producto se normalizar\u00e1 desde este viernes, a Bs 0,50 la unidad. El [&hellip;]<\/p>\n","protected":false},"author":2,"featured_media":79027,"comment_status":"closed","ping_status":"open","sticky":false,"template":"","format":"standard","meta":{"footnotes":""},"categories":[49],"tags":[],"class_list":{"0":"post-79026","1":"post","2":"type-post","3":"status-publish","4":"format-standard","5":"has-post-thumbnail","7":"category-social"},"_links":{"self":[{"href":"https:\/\/jms.com.bo\/mediamonitor\/wp-json\/wp\/v2\/posts\/79026","targetHints":{"allow":["GET"]}}],"collection":[{"href":"https:\/\/jms.com.bo\/mediamonitor\/wp-json\/wp\/v2\/posts"}],"about":[{"href":"https:\/\/jms.com.bo\/mediamonitor\/wp-json\/wp\/v2\/types\/post"}],"author":[{"embeddable":true,"href":"https:\/\/jms.com.bo\/mediamonitor\/wp-json\/wp\/v2\/users\/2"}],"replies":[{"embeddable":true,"href":"https:\/\/jms.com.bo\/mediamonitor\/wp-json\/wp\/v2\/comments?post=79026"}],"version-history":[{"count":0,"href":"https:\/\/jms.com.bo\/mediamonitor\/wp-json\/wp\/v2\/posts\/79026\/revisions"}],"wp:featuredmedia":[{"embeddable":true,"href":"https:\/\/jms.com.bo\/mediamonitor\/wp-json\/wp\/v2\/media\/79027"}],"wp:attachment":[{"href":"https:\/\/jms.com.bo\/mediamonitor\/wp-json\/wp\/v2\/media?parent=79026"}],"wp:term":[{"taxonomy":"category","embeddable":true,"href":"https:\/\/jms.com.bo\/mediamonitor\/wp-json\/wp\/v2\/categories?post=79026"},{"taxonomy":"post_tag","embeddable":true,"href":"https:\/\/jms.com.bo\/mediamonitor\/wp-json\/wp\/v2\/tags?post=79026"}],"curies":[{"name":"wp","href":"https:\/\/api.w.org\/{rel}","templated":true}]}}