{"id":79047,"date":"2025-08-01T08:03:05","date_gmt":"2025-08-01T12:03:05","guid":{"rendered":"https:\/\/jms.com.bo\/mediamonitor\/2025\/08\/01\/industria-teme-afectacion-de-12-millones-de-dolares\/"},"modified":"2025-08-01T08:03:05","modified_gmt":"2025-08-01T12:03:05","slug":"industria-teme-afectacion-de-12-millones-de-dolares","status":"publish","type":"post","link":"https:\/\/jms.com.bo\/mediamonitor\/2025\/08\/01\/industria-teme-afectacion-de-12-millones-de-dolares\/","title":{"rendered":"Industria teme afectaci\u00f3n de 12 millones de d\u00f3lares"},"content":{"rendered":"<p style=\"text-align: justify;\">La C\u00e1mara Nacional de Industrias (CNI) busca una reuni\u00f3n con el ministro de Trabajo, V\u00edctor Quispe, para explorar la posibilidad de suspender el feriado del 7 de agosto que el Gobierno decret\u00f3 por el Bicentenario de la fundaci\u00f3n del pa\u00eds.<\/p>\n<p style=\"text-align: justify;\">El presidente de la C\u00e1mara Nacional de Industrias, Gonzalo Morales, advirti\u00f3 que la medida \u201cdesmorona\u201d la planificaci\u00f3n de la log\u00edstica, la producci\u00f3n, las ventas y exportaciones de la industria. La C\u00e1mara de Industria, Comercio, Servicios y Turismo de Santa Cruz (Cainco) respaldo esa premisa.<\/p>\n<p style=\"text-align: justify;\">\u201cEstamos preocupados por esta medida que ha lanzado el Ministerio de Trabajo y esperemos, vamos a mandar una nota hoy al ministro de Trabajo para reunirnos con \u00e9l y expresarle nuestra preocupaci\u00f3n del sector industrial sobre esta ampliaci\u00f3n del feriado\u201d, anunci\u00f3 en una entrevista con la red Unitel.<\/p>\n<p style=\"text-align: justify;\">\u201cExcepcionalmente por esta gesti\u00f3n\u201d, el Gobierno determin\u00f3 decretar feriado nacional el 6 y 7 de agosto, en conmemoraci\u00f3n al Bicentenario de Bolivia. Habitualmente el asueto era solo para el 6.<\/p>\n<p style=\"text-align: justify;\">En criterio de Morales, los dos d\u00edas de asueto en medio de la semana \u201cno va a generar descanso\u201d y \u201clas personas no van a podr\u00e1 viajar tranquilas porque tenemos que volver a trabajar\u201d el viernes.<\/p>\n<p style=\"text-align: justify;\">En ese marco, consider\u00f3 que la afectaci\u00f3n puede bordear los 24 millones de d\u00f3lares por las 48 horas de paralizaci\u00f3n de las operaciones.<\/p>\n<p style=\"text-align: justify;\">\u201cPara la Industria la afectaci\u00f3n diaria cuando dejamos de trabajar son de 12 millones de d\u00f3lares diarios. Imag\u00ednese que dejemos de trabajar un d\u00eda m\u00e1s, el jueves 7, ser\u00eda una afectaci\u00f3n de 24 millones de d\u00f3lares\u201d, advirti\u00f3.<\/p>\n<p style=\"text-align: justify;\">En su criterio, la medida puede ser revertida por el Gobierno. Por ello buscan instalar una mesa de di\u00e1logo para analizar la situaci\u00f3n.<\/p>\n<p style=\"text-align: justify;\">\u201cTenemos que seguir apoyando la recuperaci\u00f3n econ\u00f3mica del pa\u00eds y la mejor forma de hacerlo es seguir trabajando, creo que no estamos en condiciones de aumentar un feriado m\u00e1s en estos momentos\u201d, dijo.<\/p>\n<p style=\"text-align: justify;\">\u201cAs\u00ed que esperamos que podamos dialogar con el ministro y poder explicarle las consecuencias que va a traer para las industrias bolivianas esta ampliaci\u00f3n de feriado\u201d, sostuvo.<\/p>\n<p style=\"text-align: justify;\">En su criterio, \u201cen este momento tan desafiante por el cual estamos viviendo, no solo las industrias, sino las familias bolivianas, creemos que es momento de sostener el empleo formal, de mantener la producci\u00f3n activa, de seguir cumpliendo con nuestros compromisos internos y externos\u201d.<\/p>\n<p style=\"text-align: justify;\">Una de las alternativa que plate\u00f3 el directivo es que las empresas puedan consensuar \u201calg\u00fan tipo de compensaci\u00f3n\u201d con los trabajadores, \u201cpero en este momento lo que necesitamos es seguir trabajando\u201d.<\/p>\n<p style=\"text-align: justify;\">Reclamo<\/p>\n<p style=\"text-align: justify;\">Dos de las principales organizaciones empresariales del pa\u00eds \u2013Cainco y la CNI\u2013 criticaron duramente la decisi\u00f3n del Gobierno de declarar feriado nacional el 7 de agosto, adem\u00e1s del 6, y exigieron una revisi\u00f3n inmediata de la medida. Afirman que esto golpear\u00e1 la producci\u00f3n y el empleo formal.<\/p>\n","protected":false},"excerpt":{"rendered":"<p>La C\u00e1mara Nacional de Industrias (CNI) busca una reuni\u00f3n con el ministro de Trabajo, V\u00edctor Quispe, para explorar la posibilidad de suspender el feriado del 7 de agosto que el Gobierno decret\u00f3 por el Bicentenario de la fundaci\u00f3n del pa\u00eds. El presidente de la C\u00e1mara Nacional de Industrias, Gonzalo Morales, advirti\u00f3 que la medida \u201cdesmorona\u201d [&hellip;]<\/p>\n","protected":false},"author":2,"featured_media":79048,"comment_status":"closed","ping_status":"open","sticky":false,"template":"","format":"standard","meta":{"footnotes":""},"categories":[25],"tags":[],"class_list":{"0":"post-79047","1":"post","2":"type-post","3":"status-publish","4":"format-standard","5":"has-post-thumbnail","7":"category-economia"},"_links":{"self":[{"href":"https:\/\/jms.com.bo\/mediamonitor\/wp-json\/wp\/v2\/posts\/79047","targetHints":{"allow":["GET"]}}],"collection":[{"href":"https:\/\/jms.com.bo\/mediamonitor\/wp-json\/wp\/v2\/posts"}],"about":[{"href":"https:\/\/jms.com.bo\/mediamonitor\/wp-json\/wp\/v2\/types\/post"}],"author":[{"embeddable":true,"href":"https:\/\/jms.com.bo\/mediamonitor\/wp-json\/wp\/v2\/users\/2"}],"replies":[{"embeddable":true,"href":"https:\/\/jms.com.bo\/mediamonitor\/wp-json\/wp\/v2\/comments?post=79047"}],"version-history":[{"count":0,"href":"https:\/\/jms.com.bo\/mediamonitor\/wp-json\/wp\/v2\/posts\/79047\/revisions"}],"wp:featuredmedia":[{"embeddable":true,"href":"https:\/\/jms.com.bo\/mediamonitor\/wp-json\/wp\/v2\/media\/79048"}],"wp:attachment":[{"href":"https:\/\/jms.com.bo\/mediamonitor\/wp-json\/wp\/v2\/media?parent=79047"}],"wp:term":[{"taxonomy":"category","embeddable":true,"href":"https:\/\/jms.com.bo\/mediamonitor\/wp-json\/wp\/v2\/categories?post=79047"},{"taxonomy":"post_tag","embeddable":true,"href":"https:\/\/jms.com.bo\/mediamonitor\/wp-json\/wp\/v2\/tags?post=79047"}],"curies":[{"name":"wp","href":"https:\/\/api.w.org\/{rel}","templated":true}]}}