{"id":79049,"date":"2025-08-01T08:04:31","date_gmt":"2025-08-01T12:04:31","guid":{"rendered":"https:\/\/jms.com.bo\/mediamonitor\/2025\/08\/01\/montenegro-minimiza-record-de-deuda-externa-y-responsabiliza-al-legislativo-por-fuga-de-divisas\/"},"modified":"2025-08-01T08:04:31","modified_gmt":"2025-08-01T12:04:31","slug":"montenegro-minimiza-record-de-deuda-externa-y-responsabiliza-al-legislativo-por-fuga-de-divisas","status":"publish","type":"post","link":"https:\/\/jms.com.bo\/mediamonitor\/2025\/08\/01\/montenegro-minimiza-record-de-deuda-externa-y-responsabiliza-al-legislativo-por-fuga-de-divisas\/","title":{"rendered":"Montenegro minimiza r\u00e9cord de deuda externa y responsabiliza al Legislativo por fuga de divisas"},"content":{"rendered":"<p style=\"text-align: justify;\">En respuesta a la nota period\u00edstica publicada por EL DEBER que se\u00f1alan que Bolivia alcanz\u00f3 el nivel de deuda externa m\u00e1s alto en 25 a\u00f1os, el ministro de Econom\u00eda, Marcelo Montenegro, neg\u00f3 este jueves que el pa\u00eds se encuentre sobreendeudado. Seg\u00fan la autoridad, la deuda externa debe analizarse en relaci\u00f3n con el tama\u00f1o de la econom\u00eda, no en t\u00e9rminos absolutos.<\/p>\n<p style=\"text-align: justify;\">\u201cEn el a\u00f1o 2000, la deuda externa era de $us 4.460 millones y representaba el 53% del Producto Interno Bruto (PIB). Hoy es de $us 13.806 millones, pero solo equivale al 25% del PIB\u201d, asegur\u00f3 Montenegro. A\u00f1adi\u00f3 que, al comparar ambos datos, se concluye que Bolivia tiene hoy una carga m\u00e1s manejable que en a\u00f1os pasados, pese al mayor monto nominal.<\/p>\n<p style=\"text-align: justify;\">El ministro record\u00f3 que, al asumir el gobierno en 2020, el ratio deuda\/PIB era del 33%, cifra que se redujo a 25% en la gesti\u00f3n actual. Tambi\u00e9n mencion\u00f3 que en a\u00f1os como 2003 el endeudamiento lleg\u00f3 a representar hasta el 63,5% del tama\u00f1o de la econom\u00eda. \u201cCuando uno eval\u00faa su capacidad de endeudarse, no se fija solo en cu\u00e1nto debe, sino en cu\u00e1nto gana. Lo mismo aplica para un pa\u00eds\u201d, explic\u00f3.<\/p>\n<p style=\"text-align: justify;\">El costo de la deuda se dispara<br \/>\nAunque defendi\u00f3 el tama\u00f1o del endeudamiento, Montenegro admiti\u00f3 que el servicio de la deuda se ha encarecido de forma significativa. En 2020 Bolivia destinaba $us 815 millones anuales al pago de capital e intereses. Para este 2024, la cifra subi\u00f3 a $us 1.526 millones.<\/p>\n<p style=\"text-align: justify;\">\u201cEl pago de intereses pas\u00f3 de $us 357 millones a $us 688 millones, y el capital de $us 458 a $us 838 millones\u201d, detall\u00f3. Este aumento se debe \u2014seg\u00fan dijo\u2014 al alza internacional de tasas de inter\u00e9s, que subieron m\u00e1s de diez veces desde 2020. \u201cEste es un factor externo que ni siquiera el gobierno de Evo Morales tuvo que enfrentar\u201d, argument\u00f3.<\/p>\n<p style=\"text-align: justify;\">Cr\u00edtica a la Asamblea<br \/>\nMontenegro acus\u00f3 a la Asamblea Legislativa Plurinacional de obstaculizar el acceso a recursos frescos mediante cr\u00e9ditos externos, lo que oblig\u00f3 al pa\u00eds a financiar sus pagos con reservas ya existentes.<\/p>\n<p style=\"text-align: justify;\">\u201cA partir de 2023, los desembolsos son menores al servicio de la deuda. Eso ha provocado una salida neta de divisas de $us 1.333 millones hasta junio de 2025\u201d, denunci\u00f3. El ministro lament\u00f3 que estos recursos no se hayan podido usar en \u00e1reas clave como la importaci\u00f3n de combustibles o medicamentos.<\/p>\n<p style=\"text-align: justify;\">Actualmente, el Legislativo mantiene paralizados m\u00e1s de $us 1.742 millones en cr\u00e9ditos internacionales, seg\u00fan datos del Ministerio de Econom\u00eda. Montenegro urgi\u00f3 a los parlamentarios a cumplir los compromisos asumidos en febrero pasado y al menos aprobar los pr\u00e9stamos \u201cm\u00e1s l\u00edquidos\u201d, es decir, aquellos con desembolso inmediato.<\/p>\n<p style=\"text-align: justify;\">\u201cNo hay bicicleteo\u201d<br \/>\nFinalmente, respondi\u00f3 a quienes se\u00f1alan que el Gobierno est\u00e1 incurriendo en \u201cbicicleteo financiero\u201d para cubrir sus obligaciones. \u201cNo se puede reprogramar deuda con los tenedores de bonos soberanos. Ellos exigen pagos constantes y sonantes. Quien diga lo contrario, no entiende c\u00f3mo funciona el servicio de la deuda externa\u201d, sentenci\u00f3.<\/p>\n<p style=\"text-align: justify;\">\n","protected":false},"excerpt":{"rendered":"<p>En respuesta a la nota period\u00edstica publicada por EL DEBER que se\u00f1alan que Bolivia alcanz\u00f3 el nivel de deuda externa m\u00e1s alto en 25 a\u00f1os, el ministro de Econom\u00eda, Marcelo Montenegro, neg\u00f3 este jueves que el pa\u00eds se encuentre sobreendeudado. Seg\u00fan la autoridad, la deuda externa debe analizarse en relaci\u00f3n con el tama\u00f1o de la [&hellip;]<\/p>\n","protected":false},"author":2,"featured_media":79050,"comment_status":"closed","ping_status":"open","sticky":false,"template":"","format":"standard","meta":{"footnotes":""},"categories":[25,45,48],"tags":[],"class_list":{"0":"post-79049","1":"post","2":"type-post","3":"status-publish","4":"format-standard","5":"has-post-thumbnail","7":"category-economia","8":"category-portada-economia","9":"category-portada-general-sitio"},"_links":{"self":[{"href":"https:\/\/jms.com.bo\/mediamonitor\/wp-json\/wp\/v2\/posts\/79049","targetHints":{"allow":["GET"]}}],"collection":[{"href":"https:\/\/jms.com.bo\/mediamonitor\/wp-json\/wp\/v2\/posts"}],"about":[{"href":"https:\/\/jms.com.bo\/mediamonitor\/wp-json\/wp\/v2\/types\/post"}],"author":[{"embeddable":true,"href":"https:\/\/jms.com.bo\/mediamonitor\/wp-json\/wp\/v2\/users\/2"}],"replies":[{"embeddable":true,"href":"https:\/\/jms.com.bo\/mediamonitor\/wp-json\/wp\/v2\/comments?post=79049"}],"version-history":[{"count":0,"href":"https:\/\/jms.com.bo\/mediamonitor\/wp-json\/wp\/v2\/posts\/79049\/revisions"}],"wp:featuredmedia":[{"embeddable":true,"href":"https:\/\/jms.com.bo\/mediamonitor\/wp-json\/wp\/v2\/media\/79050"}],"wp:attachment":[{"href":"https:\/\/jms.com.bo\/mediamonitor\/wp-json\/wp\/v2\/media?parent=79049"}],"wp:term":[{"taxonomy":"category","embeddable":true,"href":"https:\/\/jms.com.bo\/mediamonitor\/wp-json\/wp\/v2\/categories?post=79049"},{"taxonomy":"post_tag","embeddable":true,"href":"https:\/\/jms.com.bo\/mediamonitor\/wp-json\/wp\/v2\/tags?post=79049"}],"curies":[{"name":"wp","href":"https:\/\/api.w.org\/{rel}","templated":true}]}}