{"id":79054,"date":"2025-08-01T08:10:10","date_gmt":"2025-08-01T12:10:10","guid":{"rendered":"https:\/\/jms.com.bo\/mediamonitor\/2025\/08\/01\/san-ignacio-de-velasco-recibe-en-su-aniversario-mas-potencia-electrica-de-cre\/"},"modified":"2025-08-01T08:10:10","modified_gmt":"2025-08-01T12:10:10","slug":"san-ignacio-de-velasco-recibe-en-su-aniversario-mas-potencia-electrica-de-cre","status":"publish","type":"post","link":"https:\/\/jms.com.bo\/mediamonitor\/2025\/08\/01\/san-ignacio-de-velasco-recibe-en-su-aniversario-mas-potencia-electrica-de-cre\/","title":{"rendered":"San Ignacio de Velasco recibe en su aniversario m\u00e1s potencia el\u00e9ctrica de CRE"},"content":{"rendered":"<p style=\"text-align: justify;\">Como regalo para San Ignacio de Velasco en el 277 aniversario de su fundaci\u00f3n, la Cooperativa Rural de Electrificaci\u00f3n, CRE R.L., traslad\u00f3 hasta la capital de la provincia Jos\u00e9 Miguel de Velasco, tres grupos generadores de energ\u00eda el\u00e9ctrica, cada uno con una capacidad de 1.400 kilovatios. Estos equipos atender\u00e1n la creciente demanda el\u00e9ctrica de la regi\u00f3n y garantizar\u00e1n la proyecci\u00f3n del consumo de una de las zonas con mayor dinamismo econ\u00f3mico del departamento.<\/p>\n<p style=\"text-align: justify;\">El presidente del Consejo de Administraci\u00f3n de CRE, Jos\u00e9 Alejandro Dur\u00e1n Rek, se traslad\u00f3 hasta poblaci\u00f3n fundada el 31 de julio de 1748, para recibir las maquinarias que se pondr\u00e1n al servicio del Sistema El\u00e9ctrico Regional Aislado Velasco.<\/p>\n<p style=\"text-align: justify;\">La m\u00e1xima autoridad de la Distribuidora el\u00e9ctrica tambi\u00e9n particip\u00f3 de los actos c\u00edvicos por la efem\u00e9ride ignaciana.<\/p>\n<p style=\"text-align: justify;\">\u201cPara nosotros es muy grato efectuar la entrega de tres equipos de generaci\u00f3n en el aniversario de esta poblaci\u00f3n hermosa y pujante. Es un hito muy importante porque la demanda de energ\u00eda el\u00e9ctrica est\u00e1 creciendo mucho en San Ignacio de Velasco\u201d, afirm\u00f3 Dur\u00e1n Rek, al ingreso del equipamiento a la planta de generaci\u00f3n de la poblaci\u00f3n, tambi\u00e9n conocida como la puerta de entrada al Parque Nacional Noel Kempff Mercado.<\/p>\n<p style=\"text-align: justify;\">Estos equipos, que funcionan con di\u00e9sel, favorecer\u00e1n especialmente a las empresas mineras, madereras, ganaderas, agr\u00edcolas y de almacenamiento de granos instalados en la provincia chiquitana, entre otras. As\u00ed como a los pobladores de San Vicente de la Frontera, localidad lim\u00edtrofe con Brasil, distante a 516 kil\u00f3metros de Santa Cruz de la Sierra.<\/p>\n<p style=\"text-align: justify;\">\u201cSan Ignacio de Velasco es el crisol de la nueva Santa Cruz. Es una localidad con tierra bendecida que da oportunidades a mucha gente, con la generaci\u00f3n de empleos y con crecimiento sostenido. Y nosotros queremos mejorar la calidad de vida de toda su poblaci\u00f3n. Este ingreso es el s\u00edmbolo de la prosperidad\u201d, a\u00f1adi\u00f3 Dur\u00e1n.<\/p>\n<p style=\"text-align: justify;\">Por otra parte, CRE est\u00e1 haciendo una importante inversi\u00f3n econ\u00f3mica en San Ignacio de Velasco, con el montaje de una nueva subestaci\u00f3n, que ser\u00e1 clave para la interconexi\u00f3n de la provincia al Sistema Interconectado Nacional, lo que proporcionar\u00e1 al suministro m\u00e1s eficiencia, estabilidad y seguridad.<\/p>\n<p style=\"text-align: justify;\">La nueva subestaci\u00f3n el\u00e9ctrica se construye a seis kil\u00f3metros de la capital ignaciana y garantiza una mayor capacidad de potencia. Se tiene previsto que la infraestructura empiece sus operaciones en mayo del pr\u00f3ximo a\u00f1o.<\/p>\n<p style=\"text-align: justify;\">El 2024, CRE construy\u00f3 m\u00e1s de diecinueve kil\u00f3metros de red el\u00e9ctrica y ejecut\u00f3 la poda en casi dos mil \u00e1rboles en toda la provincia conocida por su tierra colorada.<\/p>\n<p style=\"text-align: justify;\">Asimismo, por su compromiso solidario la Cooperativa llev\u00f3 electricidad a la comunidad Villa Nueva Para\u00edso, distante a ciento ochenta y seis kil\u00f3metros de San Ignacio de Velasco, para atender a m\u00e1s de ciento veinte consumidores.<\/p>\n<p style=\"text-align: justify;\">M\u00e1s detalles:<\/p>\n<p style=\"text-align: justify;\">-CRE fue distinguida por el Concejo Municipal de San Ignacio de Velasco en la sesi\u00f3n de honor por el 277 aniversario de su fundaci\u00f3n.<\/p>\n<p style=\"text-align: justify;\">-Autoridades, consejeros, ejecutivos y trabajadores operativos y administrativos de la Cooperativa participaron del desfile c\u00edvico por la efem\u00e9ride provincial.<\/p>\n<p style=\"text-align: justify;\">-La Distribuidora el\u00e9ctrica est\u00e1 presente en la provincia Velasco desde el 7 de enero de 1997, cuando se hizo cargo del servicio de energ\u00eda el\u00e9ctrica.<\/p>\n<p style=\"text-align: justify;\">-En aquel entonces la demanda m\u00e1xima del Sistema Velasco no llegaba a los tres mil kilovatios. Actualmente, la exigencia lleg\u00f3 a superar los diez mil kilovatios; solicitada por m\u00e1s de dieseis mil consumidores en toda la provincia.<\/p>\n","protected":false},"excerpt":{"rendered":"<p>Como regalo para San Ignacio de Velasco en el 277 aniversario de su fundaci\u00f3n, la Cooperativa Rural de Electrificaci\u00f3n, CRE R.L., traslad\u00f3 hasta la capital de la provincia Jos\u00e9 Miguel de Velasco, tres grupos generadores de energ\u00eda el\u00e9ctrica, cada uno con una capacidad de 1.400 kilovatios. Estos equipos atender\u00e1n la creciente demanda el\u00e9ctrica de la [&hellip;]<\/p>\n","protected":false},"author":2,"featured_media":79055,"comment_status":"closed","ping_status":"open","sticky":false,"template":"","format":"standard","meta":{"footnotes":""},"categories":[39,44,48],"tags":[],"class_list":{"0":"post-79054","1":"post","2":"type-post","3":"status-publish","4":"format-standard","5":"has-post-thumbnail","7":"category-energia","8":"category-portada-energia","9":"category-portada-general-sitio"},"_links":{"self":[{"href":"https:\/\/jms.com.bo\/mediamonitor\/wp-json\/wp\/v2\/posts\/79054","targetHints":{"allow":["GET"]}}],"collection":[{"href":"https:\/\/jms.com.bo\/mediamonitor\/wp-json\/wp\/v2\/posts"}],"about":[{"href":"https:\/\/jms.com.bo\/mediamonitor\/wp-json\/wp\/v2\/types\/post"}],"author":[{"embeddable":true,"href":"https:\/\/jms.com.bo\/mediamonitor\/wp-json\/wp\/v2\/users\/2"}],"replies":[{"embeddable":true,"href":"https:\/\/jms.com.bo\/mediamonitor\/wp-json\/wp\/v2\/comments?post=79054"}],"version-history":[{"count":0,"href":"https:\/\/jms.com.bo\/mediamonitor\/wp-json\/wp\/v2\/posts\/79054\/revisions"}],"wp:featuredmedia":[{"embeddable":true,"href":"https:\/\/jms.com.bo\/mediamonitor\/wp-json\/wp\/v2\/media\/79055"}],"wp:attachment":[{"href":"https:\/\/jms.com.bo\/mediamonitor\/wp-json\/wp\/v2\/media?parent=79054"}],"wp:term":[{"taxonomy":"category","embeddable":true,"href":"https:\/\/jms.com.bo\/mediamonitor\/wp-json\/wp\/v2\/categories?post=79054"},{"taxonomy":"post_tag","embeddable":true,"href":"https:\/\/jms.com.bo\/mediamonitor\/wp-json\/wp\/v2\/tags?post=79054"}],"curies":[{"name":"wp","href":"https:\/\/api.w.org\/{rel}","templated":true}]}}