{"id":79106,"date":"2025-08-05T07:36:34","date_gmt":"2025-08-05T11:36:34","guid":{"rendered":"https:\/\/jms.com.bo\/mediamonitor\/2025\/08\/05\/dirigente-panificador-admite-venta-de-20-mil-quintales-de-harina-a-emapa-en-2024\/"},"modified":"2025-08-05T07:36:34","modified_gmt":"2025-08-05T11:36:34","slug":"dirigente-panificador-admite-venta-de-20-mil-quintales-de-harina-a-emapa-en-2024","status":"publish","type":"post","link":"https:\/\/jms.com.bo\/mediamonitor\/2025\/08\/05\/dirigente-panificador-admite-venta-de-20-mil-quintales-de-harina-a-emapa-en-2024\/","title":{"rendered":"Dirigente panificador admite venta de 20 mil quintales de harina a Emapa en 2024"},"content":{"rendered":"<p style=\"text-align: justify;\">El secretario ejecutivo de la Confederaci\u00f3n Nacional de Panificadores Artesanos de Bolivia (Conapabol), Rub\u00e9n R\u00edos, admiti\u00f3 que vendi\u00f3 20.000 quintales de harina a la Empresa de Apoyo a la Producci\u00f3n de Alimentos (Emapa) a trav\u00e9s de su empresa importadora, lo que desat\u00f3 serias denuncias por presuntas irregularidades.<\/p>\n<p style=\"text-align: justify;\">La transacci\u00f3n, seg\u00fan R\u00edos, se realiz\u00f3 entre noviembre y diciembre del a\u00f1o pasado a un precio de Bs 299 por bolsa, dentro de un \u201cconvenio provisional\u201d con la estatal Emapa. \u201cEra en son de ayuda, porque Emapa deb\u00eda m\u00e1s de 300.000 bolsas y nadie quer\u00eda venderle. Como instituci\u00f3n ya no vendemos, pero personalmente s\u00ed vend\u00ed 20 mil bolsas\u201d, explic\u00f3. Asegur\u00f3 que este acuerdo concluy\u00f3 el 31 de diciembre de 2024 y no se renov\u00f3.<\/p>\n<p style=\"text-align: justify;\">R\u00edos reconoci\u00f3 que la empresa desde la cual realiz\u00f3 la venta fue creada por su sector precisamente para importar harina ante la escasez, pero inform\u00f3 que en 2025 la actividad fue suspendida. El dirigente tambi\u00e9n neg\u00f3 haberse beneficiado con harina subvencionada durante la vigencia del convenio con Emapa y anunci\u00f3 un proceso penal contra la dirigente Elizabet Galarza, quien lo acus\u00f3 de corrupci\u00f3n.<\/p>\n<p style=\"text-align: justify;\">Galarza, representante de los panificadores independientes, denunci\u00f3 que la empresa de R\u00edos vend\u00eda harina a Emapa a Bs 480 por quintal, y que esta \u00faltima la revend\u00eda a Bs 109 con subvenci\u00f3n estatal, generando una triangulaci\u00f3n irregular. Sin embargo, R\u00edos desminti\u00f3 esa cifra y afirm\u00f3 que el precio real fue Bs 298 por quintal. Tambi\u00e9n revel\u00f3 que el \u00faltimo lote de 5.000 quintales entregado a Emapa fue observado por problemas de calidad.<\/p>\n<p style=\"text-align: justify;\">Por su parte, Dandy Mallea, dirigente de la Federaci\u00f3n de Panificadores de La Paz, presentar\u00e1 una denuncia penal contra R\u00edos y el gerente de Emapa, Franklin Flores. \u201cNo puede ser que un peque\u00f1o grupo, liderado por R\u00edos, se beneficie de un negociado con harina subvencionada. \u00c9l no representa a los m\u00e1s de 10.000 panificadores del pa\u00eds\u201d, declar\u00f3.<\/p>\n<p style=\"text-align: justify;\">Incluso, el viceministro de Defensa del Consumidor, Jorge Silva, solicit\u00f3 al Ministerio P\u00fablico abrir una investigaci\u00f3n de oficio. A trav\u00e9s de una carta, expuso que la comercializaci\u00f3n de harina fuera de los canales autorizados debe ser sancionada penal y administrativamente si se confirma responsabilidad. \u201cLa harina subvencionada debe beneficiar exclusivamente a los sectores panificadores autorizados y no convertirse en un negocio privado\u201d, advirti\u00f3.<\/p>\n","protected":false},"excerpt":{"rendered":"<p>El secretario ejecutivo de la Confederaci\u00f3n Nacional de Panificadores Artesanos de Bolivia (Conapabol), Rub\u00e9n R\u00edos, admiti\u00f3 que vendi\u00f3 20.000 quintales de harina a la Empresa de Apoyo a la Producci\u00f3n de Alimentos (Emapa) a trav\u00e9s de su empresa importadora, lo que desat\u00f3 serias denuncias por presuntas irregularidades. La transacci\u00f3n, seg\u00fan R\u00edos, se realiz\u00f3 entre noviembre [&hellip;]<\/p>\n","protected":false},"author":2,"featured_media":79107,"comment_status":"closed","ping_status":"open","sticky":false,"template":"","format":"standard","meta":{"footnotes":""},"categories":[57],"tags":[],"class_list":{"0":"post-79106","1":"post","2":"type-post","3":"status-publish","4":"format-standard","5":"has-post-thumbnail","7":"category-alimentos-y-agroindustria"},"_links":{"self":[{"href":"https:\/\/jms.com.bo\/mediamonitor\/wp-json\/wp\/v2\/posts\/79106","targetHints":{"allow":["GET"]}}],"collection":[{"href":"https:\/\/jms.com.bo\/mediamonitor\/wp-json\/wp\/v2\/posts"}],"about":[{"href":"https:\/\/jms.com.bo\/mediamonitor\/wp-json\/wp\/v2\/types\/post"}],"author":[{"embeddable":true,"href":"https:\/\/jms.com.bo\/mediamonitor\/wp-json\/wp\/v2\/users\/2"}],"replies":[{"embeddable":true,"href":"https:\/\/jms.com.bo\/mediamonitor\/wp-json\/wp\/v2\/comments?post=79106"}],"version-history":[{"count":0,"href":"https:\/\/jms.com.bo\/mediamonitor\/wp-json\/wp\/v2\/posts\/79106\/revisions"}],"wp:featuredmedia":[{"embeddable":true,"href":"https:\/\/jms.com.bo\/mediamonitor\/wp-json\/wp\/v2\/media\/79107"}],"wp:attachment":[{"href":"https:\/\/jms.com.bo\/mediamonitor\/wp-json\/wp\/v2\/media?parent=79106"}],"wp:term":[{"taxonomy":"category","embeddable":true,"href":"https:\/\/jms.com.bo\/mediamonitor\/wp-json\/wp\/v2\/categories?post=79106"},{"taxonomy":"post_tag","embeddable":true,"href":"https:\/\/jms.com.bo\/mediamonitor\/wp-json\/wp\/v2\/tags?post=79106"}],"curies":[{"name":"wp","href":"https:\/\/api.w.org\/{rel}","templated":true}]}}