{"id":79108,"date":"2025-08-05T07:37:46","date_gmt":"2025-08-05T11:37:46","guid":{"rendered":"https:\/\/jms.com.bo\/mediamonitor\/2025\/08\/05\/centro-de-transformacion-del-aji-en-incahuasi-arranca-operaciones-con-el-sello-valle-del-inca\/"},"modified":"2025-08-05T07:37:46","modified_gmt":"2025-08-05T11:37:46","slug":"centro-de-transformacion-del-aji-en-incahuasi-arranca-operaciones-con-el-sello-valle-del-inca","status":"publish","type":"post","link":"https:\/\/jms.com.bo\/mediamonitor\/2025\/08\/05\/centro-de-transformacion-del-aji-en-incahuasi-arranca-operaciones-con-el-sello-valle-del-inca\/","title":{"rendered":"Centro de Transformaci\u00f3n del Aj\u00ed en Incahuasi arranca operaciones con el sello \u201cValle del Inca\u201d"},"content":{"rendered":"<p style=\"text-align: justify;\">Con el sello \u201cValle del Inca\u201d, el Centro de Transformaci\u00f3n del Aj\u00ed, emplazado en la comunidad de Incahuasi del departamento de Chuquisaca, entr\u00f3 en marcha y consolida la industrializaci\u00f3n en Chuquisaca.<\/p>\n<p style=\"text-align: justify;\">\u201cEntregamos con mucho cari\u00f1o la Construcci\u00f3n y Equipamiento del Centro de Transformaci\u00f3n del Aj\u00ed, que demand\u00f3 una inversi\u00f3n de m\u00e1s de Bs 7,3 millones\u201d, inform\u00f3 el presidente Luis Arce, en sus redes sociales.<\/p>\n<p style=\"text-align: justify;\">En el marco de la pol\u00edtica de industrializaci\u00f3n para sustituir importaciones, la factor\u00eda fue entregada por autoridades del Gobierno nacional, el viernes 1 de agosto, como parte de las \u201c200 obras por el Bicentenario\u201d de Bolivia.<\/p>\n<p style=\"text-align: justify;\">\u201cLa industrializaci\u00f3n de Bolivia se va consolidando a paso firme en el Bicentenario de Bolivia (\u2026). Estamos dejando una base ancha econ\u00f3mica para las y los bolivianos, con nuestra estrategia de Industrializaci\u00f3n con sustituci\u00f3n de importaciones\u201d, enfatiz\u00f3 el mandatario.<\/p>\n<p style=\"text-align: justify;\">De acuerdo con los datos oficiales, la construcci\u00f3n de esta factor\u00eda en Incahuasi beneficiar\u00e1 a al menos 13.000 habitantes de esa regi\u00f3n del pa\u00eds y generar\u00e1 unos 90 empleos directos y 250 indirectos.<\/p>\n<p style=\"text-align: justify;\">Busca aprovechar la calidad y cantidad del aj\u00ed que se produce en los valles de Incahuasi y zonas aleda\u00f1as, mediante un proceso para convertir el aj\u00ed de vaina en polvo y pasta, con fines comerciales, y ser comercializados en empaque con marca y sello sanitario.<\/p>\n<p style=\"text-align: justify;\">En el acto de inauguraci\u00f3n se exhibi\u00f3 los productos que se obtienen en esta nueva factor\u00eda, como el aj\u00ed deshidratado entero, aj\u00ed rojo en polvo y pasta de aj\u00ed rojo, con el sello \u201cValle del INCA\u201d, por ejemplo, en presentaci\u00f3n de 100 gramos.<\/p>\n","protected":false},"excerpt":{"rendered":"<p>Con el sello \u201cValle del Inca\u201d, el Centro de Transformaci\u00f3n del Aj\u00ed, emplazado en la comunidad de Incahuasi del departamento de Chuquisaca, entr\u00f3 en marcha y consolida la industrializaci\u00f3n en Chuquisaca. \u201cEntregamos con mucho cari\u00f1o la Construcci\u00f3n y Equipamiento del Centro de Transformaci\u00f3n del Aj\u00ed, que demand\u00f3 una inversi\u00f3n de m\u00e1s de Bs 7,3 millones\u201d, [&hellip;]<\/p>\n","protected":false},"author":2,"featured_media":79109,"comment_status":"closed","ping_status":"open","sticky":false,"template":"","format":"standard","meta":{"footnotes":""},"categories":[57],"tags":[],"class_list":{"0":"post-79108","1":"post","2":"type-post","3":"status-publish","4":"format-standard","5":"has-post-thumbnail","7":"category-alimentos-y-agroindustria"},"_links":{"self":[{"href":"https:\/\/jms.com.bo\/mediamonitor\/wp-json\/wp\/v2\/posts\/79108","targetHints":{"allow":["GET"]}}],"collection":[{"href":"https:\/\/jms.com.bo\/mediamonitor\/wp-json\/wp\/v2\/posts"}],"about":[{"href":"https:\/\/jms.com.bo\/mediamonitor\/wp-json\/wp\/v2\/types\/post"}],"author":[{"embeddable":true,"href":"https:\/\/jms.com.bo\/mediamonitor\/wp-json\/wp\/v2\/users\/2"}],"replies":[{"embeddable":true,"href":"https:\/\/jms.com.bo\/mediamonitor\/wp-json\/wp\/v2\/comments?post=79108"}],"version-history":[{"count":0,"href":"https:\/\/jms.com.bo\/mediamonitor\/wp-json\/wp\/v2\/posts\/79108\/revisions"}],"wp:featuredmedia":[{"embeddable":true,"href":"https:\/\/jms.com.bo\/mediamonitor\/wp-json\/wp\/v2\/media\/79109"}],"wp:attachment":[{"href":"https:\/\/jms.com.bo\/mediamonitor\/wp-json\/wp\/v2\/media?parent=79108"}],"wp:term":[{"taxonomy":"category","embeddable":true,"href":"https:\/\/jms.com.bo\/mediamonitor\/wp-json\/wp\/v2\/categories?post=79108"},{"taxonomy":"post_tag","embeddable":true,"href":"https:\/\/jms.com.bo\/mediamonitor\/wp-json\/wp\/v2\/tags?post=79108"}],"curies":[{"name":"wp","href":"https:\/\/api.w.org\/{rel}","templated":true}]}}