{"id":79111,"date":"2025-08-05T07:41:25","date_gmt":"2025-08-05T11:41:25","guid":{"rendered":"https:\/\/jms.com.bo\/mediamonitor\/2025\/08\/05\/yacuiba-bloquean-el-puente-internacional-por-crisis-en-centros-de-salud\/"},"modified":"2025-08-05T07:41:25","modified_gmt":"2025-08-05T11:41:25","slug":"yacuiba-bloquean-el-puente-internacional-por-crisis-en-centros-de-salud","status":"publish","type":"post","link":"https:\/\/jms.com.bo\/mediamonitor\/2025\/08\/05\/yacuiba-bloquean-el-puente-internacional-por-crisis-en-centros-de-salud\/","title":{"rendered":"Yacuiba: Bloquean el Puente Internacional por crisis en centros de salud"},"content":{"rendered":"<p style=\"text-align: justify;\">Desde la 1:00 de la madrugada de hoy, vecinos del Distrito 1 de San Jos\u00e9 de Pocitos y del Barrio Nuevo, en Bolivia, llevan adelante un bloqueo total del puente internacional que une la ciudad boliviana con Salvador Mazza, en Argentina.<\/p>\n<p style=\"text-align: justify;\">La medida de fuerza, convocada por el Comit\u00e9 C\u00edvico local, se extender\u00e1 hasta las 18:00 horas y responde a una profunda crisis sanitaria que afecta a m\u00e1s de 20 mil personas de esta regi\u00f3n fronteriza.<\/p>\n<p style=\"text-align: justify;\">Seg\u00fan manifestaron los vecinos a diario El Portico, los centros de salud locales atraviesan una situaci\u00f3n cr\u00edtica por falta de personal m\u00e9dico, escasez de insumos y abandono por parte de las autoridades sanitarias. \u201cLlevamos a\u00f1os exigiendo lo b\u00e1sico: el derecho a la salud\u201d, expresaron voceros del Comit\u00e9 C\u00edvico, quienes tambi\u00e9n se\u00f1alaron que no han recibido respuestas concretas pese a reiterados reclamos formales.<\/p>\n<p style=\"text-align: justify;\">El corte del paso internacional gener\u00f3 serios inconvenientes en el tr\u00e1nsito fronterizo, afectando a trabajadores, transportistas, turistas y comerciantes que se movilizan entre ambos pa\u00edses. Largas filas de veh\u00edculos se formaron a ambos lados del puente, mientras crece la preocupaci\u00f3n entre quienes dependen del paso diario para trabajar o realizar tr\u00e1mites.<\/p>\n<p style=\"text-align: justify;\">Los manifestantes advirtieron que, de no obtener respuestas inmediatas, podr\u00edan profundizar las medidas en los pr\u00f3ximos d\u00edas. Exigen una reuni\u00f3n urgente con autorida<\/p>\n","protected":false},"excerpt":{"rendered":"<p>Desde la 1:00 de la madrugada de hoy, vecinos del Distrito 1 de San Jos\u00e9 de Pocitos y del Barrio Nuevo, en Bolivia, llevan adelante un bloqueo total del puente internacional que une la ciudad boliviana con Salvador Mazza, en Argentina. La medida de fuerza, convocada por el Comit\u00e9 C\u00edvico local, se extender\u00e1 hasta las [&hellip;]<\/p>\n","protected":false},"author":2,"featured_media":149,"comment_status":"closed","ping_status":"open","sticky":false,"template":"","format":"standard","meta":{"footnotes":""},"categories":[49],"tags":[],"class_list":{"0":"post-79111","1":"post","2":"type-post","3":"status-publish","4":"format-standard","5":"has-post-thumbnail","7":"category-social"},"_links":{"self":[{"href":"https:\/\/jms.com.bo\/mediamonitor\/wp-json\/wp\/v2\/posts\/79111","targetHints":{"allow":["GET"]}}],"collection":[{"href":"https:\/\/jms.com.bo\/mediamonitor\/wp-json\/wp\/v2\/posts"}],"about":[{"href":"https:\/\/jms.com.bo\/mediamonitor\/wp-json\/wp\/v2\/types\/post"}],"author":[{"embeddable":true,"href":"https:\/\/jms.com.bo\/mediamonitor\/wp-json\/wp\/v2\/users\/2"}],"replies":[{"embeddable":true,"href":"https:\/\/jms.com.bo\/mediamonitor\/wp-json\/wp\/v2\/comments?post=79111"}],"version-history":[{"count":0,"href":"https:\/\/jms.com.bo\/mediamonitor\/wp-json\/wp\/v2\/posts\/79111\/revisions"}],"wp:featuredmedia":[{"embeddable":true,"href":"https:\/\/jms.com.bo\/mediamonitor\/wp-json\/wp\/v2\/media\/149"}],"wp:attachment":[{"href":"https:\/\/jms.com.bo\/mediamonitor\/wp-json\/wp\/v2\/media?parent=79111"}],"wp:term":[{"taxonomy":"category","embeddable":true,"href":"https:\/\/jms.com.bo\/mediamonitor\/wp-json\/wp\/v2\/categories?post=79111"},{"taxonomy":"post_tag","embeddable":true,"href":"https:\/\/jms.com.bo\/mediamonitor\/wp-json\/wp\/v2\/tags?post=79111"}],"curies":[{"name":"wp","href":"https:\/\/api.w.org\/{rel}","templated":true}]}}