{"id":79112,"date":"2025-08-05T07:42:54","date_gmt":"2025-08-05T11:42:54","guid":{"rendered":"https:\/\/jms.com.bo\/mediamonitor\/2025\/08\/05\/extensas-filas-por-pan-se-registran-en-la-paz\/"},"modified":"2025-08-05T07:42:54","modified_gmt":"2025-08-05T11:42:54","slug":"extensas-filas-por-pan-se-registran-en-la-paz","status":"publish","type":"post","link":"https:\/\/jms.com.bo\/mediamonitor\/2025\/08\/05\/extensas-filas-por-pan-se-registran-en-la-paz\/","title":{"rendered":"Extensas filas por pan se registran en La Paz"},"content":{"rendered":"<p style=\"text-align: justify;\">Las filas por pan persisten en distintos puntos de la ciudad de La Paz. Durante el fin de semana y ayer, nuevamente se registraron aglomeraciones de personas en panader\u00edas, donde las familias intentan conseguir el alimento b\u00e1sico.<\/p>\n<p style=\"text-align: justify;\">Unitel recorri\u00f3 varias zonas de la ciudad y constat\u00f3 que la escasez de pan en las tiendas de barrio obliga a las personas a acudir directamente a los hornos.<\/p>\n<p style=\"text-align: justify;\">\u201cEstoy haciendo fila hace una hora. Soy de la zona, pero en la tienda ya no hay pan\u201d, relat\u00f3 un adulto mayor que esperaba su turno en una panader\u00eda.<\/p>\n<p style=\"text-align: justify;\">En sectores como Tembladerani, Villa F\u00e1tima, Villa Copacabana, San Antonio y Pampahasi, el panorama fue similar. Las dijeron que tiene que permanecer por m\u00e1s de una hora para comprar pan.<\/p>\n<p style=\"text-align: justify;\">\u201cEstoy m\u00e1s de una hora en la fila. En las tiendas no hay\u201d, lament\u00f3 una compradora en Tembladerani.<\/p>\n<p style=\"text-align: justify;\">Adem\u00e1s, se evidenci\u00f3 que muchas panader\u00edas est\u00e1n limitando la venta a 10 panes por persona, lo que complica a\u00fan m\u00e1s la situaci\u00f3n para familias numerosas. (Con datos de Unitel)<\/p>\n","protected":false},"excerpt":{"rendered":"<p>Las filas por pan persisten en distintos puntos de la ciudad de La Paz. Durante el fin de semana y ayer, nuevamente se registraron aglomeraciones de personas en panader\u00edas, donde las familias intentan conseguir el alimento b\u00e1sico. Unitel recorri\u00f3 varias zonas de la ciudad y constat\u00f3 que la escasez de pan en las tiendas de [&hellip;]<\/p>\n","protected":false},"author":2,"featured_media":79113,"comment_status":"closed","ping_status":"open","sticky":false,"template":"","format":"standard","meta":{"footnotes":""},"categories":[49],"tags":[],"class_list":{"0":"post-79112","1":"post","2":"type-post","3":"status-publish","4":"format-standard","5":"has-post-thumbnail","7":"category-social"},"_links":{"self":[{"href":"https:\/\/jms.com.bo\/mediamonitor\/wp-json\/wp\/v2\/posts\/79112","targetHints":{"allow":["GET"]}}],"collection":[{"href":"https:\/\/jms.com.bo\/mediamonitor\/wp-json\/wp\/v2\/posts"}],"about":[{"href":"https:\/\/jms.com.bo\/mediamonitor\/wp-json\/wp\/v2\/types\/post"}],"author":[{"embeddable":true,"href":"https:\/\/jms.com.bo\/mediamonitor\/wp-json\/wp\/v2\/users\/2"}],"replies":[{"embeddable":true,"href":"https:\/\/jms.com.bo\/mediamonitor\/wp-json\/wp\/v2\/comments?post=79112"}],"version-history":[{"count":0,"href":"https:\/\/jms.com.bo\/mediamonitor\/wp-json\/wp\/v2\/posts\/79112\/revisions"}],"wp:featuredmedia":[{"embeddable":true,"href":"https:\/\/jms.com.bo\/mediamonitor\/wp-json\/wp\/v2\/media\/79113"}],"wp:attachment":[{"href":"https:\/\/jms.com.bo\/mediamonitor\/wp-json\/wp\/v2\/media?parent=79112"}],"wp:term":[{"taxonomy":"category","embeddable":true,"href":"https:\/\/jms.com.bo\/mediamonitor\/wp-json\/wp\/v2\/categories?post=79112"},{"taxonomy":"post_tag","embeddable":true,"href":"https:\/\/jms.com.bo\/mediamonitor\/wp-json\/wp\/v2\/tags?post=79112"}],"curies":[{"name":"wp","href":"https:\/\/api.w.org\/{rel}","templated":true}]}}