{"id":79116,"date":"2025-08-05T07:45:11","date_gmt":"2025-08-05T11:45:11","guid":{"rendered":"https:\/\/jms.com.bo\/mediamonitor\/2025\/08\/05\/frente-frio-ingresa-al-pais-heladas-afectan-a-cinco-departamentos\/"},"modified":"2025-08-05T07:45:11","modified_gmt":"2025-08-05T11:45:11","slug":"frente-frio-ingresa-al-pais-heladas-afectan-a-cinco-departamentos","status":"publish","type":"post","link":"https:\/\/jms.com.bo\/mediamonitor\/2025\/08\/05\/frente-frio-ingresa-al-pais-heladas-afectan-a-cinco-departamentos\/","title":{"rendered":"Frente fr\u00edo ingresa al pa\u00eds, heladas afectan a cinco departamentos"},"content":{"rendered":"<p style=\"text-align: justify;\">El ingreso de un frente fr\u00edo al territorio nacional el fin provoc\u00f3 el descenso brusco de temperaturas y heladas que se extender\u00e1 hasta ma\u00f1ana martes afectando a los departamentos de Tarija, Chuquisaca, Santa Cruz, Beni y Cochabamba.<\/p>\n<p style=\"text-align: justify;\">\u201cSe pronostica ingreso de un frente fr\u00edo al territorio boliviano, que ocasionar\u00e1 descensos bruscos de temperatura, entre 6\u00b0c y 12\u00b0c por debajo de los valores normales de cada regi\u00f3n afectada, a ocurrir del s\u00e1bado 02 al martes 05 de agosto de 2025\u201d, seg\u00fan el reporte del Servicio Nacional de Meteorolog\u00eda e Hidrolog\u00eda (Senamhi).<\/p>\n<p style=\"text-align: justify;\">La entidad pronostic\u00f3 heladas en los valles de Tarija, Chuquisaca y Santa Cruz.<\/p>\n<p style=\"text-align: justify;\">La alerta rige en las provincias Andr\u00e9s Iba\u00f1ez, Warnes, Ichilo, Sara, Santiest\u00e9ban, Chiquitos, Guarayos, \u00d1uflo de Ch\u00e1vez, Velasco, \u00c1ngel Sandoval, Germ\u00e1n Busch y Cordillera. Se prev\u00e9 tambi\u00e9n heladas en los valles de Vallegrande, Florida, Caballero del departamento de Santa Cruz.<\/p>\n<p style=\"text-align: justify;\">En el departamento de Chuquisaca descendieron las temperaturas en las provincias Luis Calvo, Hernando Siles, este de Azurduy, Nor Cinti y Sud Cinti; y se pronostican heladas en los valles de Nor Cinti, Sud Cinti, Boeto, Tomina, Azurduy, Yampar\u00e1ez, Zuda\u00f1ez y Oropeza.<\/p>\n<p style=\"text-align: justify;\">Asimismo, el descenso de temperaturas afecta en las provincias de Moxos, Marb\u00e1n, Cercado, Mamor\u00e9, It\u00e9nez, Yacuma y J. Ballivi\u00e1n en Beni; noreste de Chapare y este de Carrasco en Cochabamba. Y en Tarija, el fr\u00edo afecta a las provincias O\u2019Connor, Gran Chaco, este de M\u00e9ndez, Cercado y Aniceto Arce.<\/p>\n","protected":false},"excerpt":{"rendered":"<p>El ingreso de un frente fr\u00edo al territorio nacional el fin provoc\u00f3 el descenso brusco de temperaturas y heladas que se extender\u00e1 hasta ma\u00f1ana martes afectando a los departamentos de Tarija, Chuquisaca, Santa Cruz, Beni y Cochabamba. \u201cSe pronostica ingreso de un frente fr\u00edo al territorio boliviano, que ocasionar\u00e1 descensos bruscos de temperatura, entre 6\u00b0c [&hellip;]<\/p>\n","protected":false},"author":2,"featured_media":79117,"comment_status":"closed","ping_status":"open","sticky":false,"template":"","format":"standard","meta":{"footnotes":""},"categories":[20],"tags":[],"class_list":{"0":"post-79116","1":"post","2":"type-post","3":"status-publish","4":"format-standard","5":"has-post-thumbnail","7":"category-actualidad"},"_links":{"self":[{"href":"https:\/\/jms.com.bo\/mediamonitor\/wp-json\/wp\/v2\/posts\/79116","targetHints":{"allow":["GET"]}}],"collection":[{"href":"https:\/\/jms.com.bo\/mediamonitor\/wp-json\/wp\/v2\/posts"}],"about":[{"href":"https:\/\/jms.com.bo\/mediamonitor\/wp-json\/wp\/v2\/types\/post"}],"author":[{"embeddable":true,"href":"https:\/\/jms.com.bo\/mediamonitor\/wp-json\/wp\/v2\/users\/2"}],"replies":[{"embeddable":true,"href":"https:\/\/jms.com.bo\/mediamonitor\/wp-json\/wp\/v2\/comments?post=79116"}],"version-history":[{"count":0,"href":"https:\/\/jms.com.bo\/mediamonitor\/wp-json\/wp\/v2\/posts\/79116\/revisions"}],"wp:featuredmedia":[{"embeddable":true,"href":"https:\/\/jms.com.bo\/mediamonitor\/wp-json\/wp\/v2\/media\/79117"}],"wp:attachment":[{"href":"https:\/\/jms.com.bo\/mediamonitor\/wp-json\/wp\/v2\/media?parent=79116"}],"wp:term":[{"taxonomy":"category","embeddable":true,"href":"https:\/\/jms.com.bo\/mediamonitor\/wp-json\/wp\/v2\/categories?post=79116"},{"taxonomy":"post_tag","embeddable":true,"href":"https:\/\/jms.com.bo\/mediamonitor\/wp-json\/wp\/v2\/tags?post=79116"}],"curies":[{"name":"wp","href":"https:\/\/api.w.org\/{rel}","templated":true}]}}