{"id":79118,"date":"2025-08-05T07:47:52","date_gmt":"2025-08-05T11:47:52","guid":{"rendered":"https:\/\/jms.com.bo\/mediamonitor\/2025\/08\/05\/sama-el-fuego-quemo-5-000-hectareas-9-viviendas-y-dejo-un-fallecido\/"},"modified":"2025-08-05T07:47:52","modified_gmt":"2025-08-05T11:47:52","slug":"sama-el-fuego-quemo-5-000-hectareas-9-viviendas-y-dejo-un-fallecido","status":"publish","type":"post","link":"https:\/\/jms.com.bo\/mediamonitor\/2025\/08\/05\/sama-el-fuego-quemo-5-000-hectareas-9-viviendas-y-dejo-un-fallecido\/","title":{"rendered":"Sama: El fuego quem\u00f3 5.000 hect\u00e1reas, 9 viviendas y dej\u00f3 un fallecido"},"content":{"rendered":"<p style=\"text-align: justify;\">Tras 96 horas de intenso trabajo ejercido por bomberos voluntarios, comunarios e instituciones, finalmente la tarde del lunes 4 de agosto el incendio en la serran\u00eda de Sama fue controlado y sofocado en su en su totalidad, as\u00ed lo inform\u00f3 el Comando de Incidentes. El alcalde de Tarija, Johnny Torres Terzo, a tiempo de agradecer a todos los bomberos voluntarios y quienes estuvieron trabajando sin descanso, indic\u00f3 que el haber sofocado todos los focos de calor es un \u201ctriunfo de la voluntad sobre la adversidad\u201d.<\/p>\n<p style=\"text-align: justify;\">El Alcalde, el gobernador, Oscar Montes, y el ministro de Medio Ambiente y Agua, \u00c1lvaro Ruiz, destacaron el trabajo de los bomberos voluntarios, comunarios, guardaparques, Defensa Civil, Bomberos de la Polic\u00eda y dem\u00e1s instituciones, que lograron controlar gran parte del incendio que amenazaba a vecinos y familias de barrios y comunidades que est\u00e1n cerca de la serran\u00eda.<\/p>\n<p style=\"text-align: justify;\">Tras un primer reporte de evaluaci\u00f3n se estima que el incendio consumi\u00f3 5.000 hect\u00e1reas de flora y fauna, nueve casas tambi\u00e9n fueron alcanzadas por el fuego, tambi\u00e9n se report\u00f3 la perdida de ganado y animales de granja. Adem\u00e1s, el fallecimiento de una persona adulta mayor.<\/p>\n<p style=\"text-align: justify;\">\u201cAgradecer de coraz\u00f3n a todos los bomberos voluntarios de Tarija, a las Fuerzas Armadas, a la Polic\u00eda y a todo la poblaci\u00f3n que estuvo luchando y ayudando para poder sofocar este incendio. Se trabaj\u00f3 de manera muy organizada, porque de no ser as\u00ed este incendio hubiese durado como el del a\u00f1o 2017, que fue de diez d\u00edas y se quemaron m\u00e1s de 13.000 hect\u00e1reas, entonces, se hizo un trabajo realmente coordinado. Como presidente del COEM (Centro de Operaciones de Emergencia Municipal) lo primero que hicimos fue delegar toda la parte t\u00e9cnica a quienes saben, al Comandante de los Bomberos y a Defensa Civil, nosotros nos abocamos a dotar de toda log\u00edstica para que puedan trabajar, dispusimos de todo nuestro personal para que apoye con diferentes tareas, a excepci\u00f3n de la Unidad de Gesti\u00f3n de Riesgos que estuvo en los trabajos de primera l\u00ednea porque cuenta con el personal especializado\u201d, dijo Torres Terzo.<\/p>\n<p style=\"text-align: justify;\">En lo que respecta a la Alcald\u00eda, moviliz\u00f3 todas las cisternas con las que cuenta, despleg\u00f3 veh\u00edculos para la dotaci\u00f3n combustible, para evitar que los carros bomberos hagan viajes de recarga. Tambi\u00e9n despleg\u00f3 personal de salud, que brind\u00f3 atenci\u00f3n m\u00e9dica a todos los bomberos, voluntarios y comunarios, adem\u00e1s se hicieron cargo de la atenci\u00f3n de animales que resultaron afectados por el fuego.<\/p>\n<p style=\"text-align: justify;\">Previo a la conferencia de prensa, las autoridades miembros del Comando de Incidencia sobrevolaron de extremo a extremo las zonas afectadas por el incendio, donde constataron que el frente fr\u00edo que ingres\u00f3 a Tarija ayud\u00f3 a que se evite la activaci\u00f3n de fumarolas y focos de calor.<\/p>\n<p style=\"text-align: justify;\">Finalmente, el jefe de Comando Conjunto y Respuestas Ante Eventos Adversos de Defensa Civil de Tarija, Mauricio D\u00e1vila, asever\u00f3 que contin\u00faan en emergencia, hasta que se complete la fase de enfriamiento total de las zonas afectadas y posteriormente se har\u00e1 la evaluaci\u00f3n y las investigaciones pertinentes.<\/p>\n<p style=\"text-align: justify;\">Piden sanci\u00f3n para los chaqueos<br \/>\nEl secretario ejecutivo de la subcentral de Lazareto, Rosendo Yucra, pidi\u00f3 a las autoridades sancionar a quienes contin\u00faan realizando chaqueos y quemas sin control, ya que en esta oportunidad hubo da\u00f1os materiales de consideraci\u00f3n y p\u00e9rdida de ganado.<\/p>\n<p style=\"text-align: justify;\">La informaci\u00f3n que se maneja es que el fuego inici\u00f3 en los predios del hombre de 57 a\u00f1os, quien falleci\u00f3 la ma\u00f1ana del s\u00e1bado 2 de agosto, debido a que sufri\u00f3 quemaduras en un 90% de su cuerpo.<\/p>\n","protected":false},"excerpt":{"rendered":"<p>Tras 96 horas de intenso trabajo ejercido por bomberos voluntarios, comunarios e instituciones, finalmente la tarde del lunes 4 de agosto el incendio en la serran\u00eda de Sama fue controlado y sofocado en su en su totalidad, as\u00ed lo inform\u00f3 el Comando de Incidentes. El alcalde de Tarija, Johnny Torres Terzo, a tiempo de agradecer [&hellip;]<\/p>\n","protected":false},"author":2,"featured_media":79119,"comment_status":"closed","ping_status":"open","sticky":false,"template":"","format":"standard","meta":{"footnotes":""},"categories":[20],"tags":[],"class_list":{"0":"post-79118","1":"post","2":"type-post","3":"status-publish","4":"format-standard","5":"has-post-thumbnail","7":"category-actualidad"},"_links":{"self":[{"href":"https:\/\/jms.com.bo\/mediamonitor\/wp-json\/wp\/v2\/posts\/79118","targetHints":{"allow":["GET"]}}],"collection":[{"href":"https:\/\/jms.com.bo\/mediamonitor\/wp-json\/wp\/v2\/posts"}],"about":[{"href":"https:\/\/jms.com.bo\/mediamonitor\/wp-json\/wp\/v2\/types\/post"}],"author":[{"embeddable":true,"href":"https:\/\/jms.com.bo\/mediamonitor\/wp-json\/wp\/v2\/users\/2"}],"replies":[{"embeddable":true,"href":"https:\/\/jms.com.bo\/mediamonitor\/wp-json\/wp\/v2\/comments?post=79118"}],"version-history":[{"count":0,"href":"https:\/\/jms.com.bo\/mediamonitor\/wp-json\/wp\/v2\/posts\/79118\/revisions"}],"wp:featuredmedia":[{"embeddable":true,"href":"https:\/\/jms.com.bo\/mediamonitor\/wp-json\/wp\/v2\/media\/79119"}],"wp:attachment":[{"href":"https:\/\/jms.com.bo\/mediamonitor\/wp-json\/wp\/v2\/media?parent=79118"}],"wp:term":[{"taxonomy":"category","embeddable":true,"href":"https:\/\/jms.com.bo\/mediamonitor\/wp-json\/wp\/v2\/categories?post=79118"},{"taxonomy":"post_tag","embeddable":true,"href":"https:\/\/jms.com.bo\/mediamonitor\/wp-json\/wp\/v2\/tags?post=79118"}],"curies":[{"name":"wp","href":"https:\/\/api.w.org\/{rel}","templated":true}]}}