{"id":79122,"date":"2025-08-05T07:50:29","date_gmt":"2025-08-05T11:50:29","guid":{"rendered":"https:\/\/jms.com.bo\/mediamonitor\/2025\/08\/05\/tse-abrio-periodo-excepcional-de-inhabilitacion-de-candidatos-a-elecciones-generales\/"},"modified":"2025-08-05T07:50:29","modified_gmt":"2025-08-05T11:50:29","slug":"tse-abrio-periodo-excepcional-de-inhabilitacion-de-candidatos-a-elecciones-generales","status":"publish","type":"post","link":"https:\/\/jms.com.bo\/mediamonitor\/2025\/08\/05\/tse-abrio-periodo-excepcional-de-inhabilitacion-de-candidatos-a-elecciones-generales\/","title":{"rendered":"TSE abri\u00f3 periodo excepcional de inhabilitaci\u00f3n de candidatos a elecciones generales"},"content":{"rendered":"<p style=\"text-align: justify;\">Desde el domingo rige el plazo para que las personas presenten pedidos de inhabilitaci\u00f3n contra candidatos que tengan denuncias y hayan sido habilitados en junio. Este es un periodo extraordinario que fija la Ley de R\u00e9gimen Electoral (Ley 026) y est\u00e1 previsto en el calendario electoral, vigente.<\/p>\n<p style=\"text-align: justify;\">\u201cEl Tribunal Supremo Electoral, de oficio o a solicitud de parte, dispondr\u00e1 la inhabilitaci\u00f3n inmediata de un postulante mediante resoluci\u00f3n fundamentada, dentro del plazo establecido en el calendario electoral, cuando se acredite que haya realizado o inducido campa\u00f1a o propaganda electoral a su favor o en contra de otra, otro u otras u otros postulantes\u201d, se\u00f1ala el art\u00edculo 83 de la Ley 026 para justificar la inhabilitaci\u00f3n.<\/p>\n<p style=\"text-align: justify;\">Las demandas de inhabilitaci\u00f3n se abrieron el 7 de junio y deb\u00edan ser presentadas hasta el s\u00e1bado 2 de agosto. El 3 de agosto se abri\u00f3 el periodo excepcional de demandas de inhabilitaci\u00f3n y ese plazo durar\u00e1 hasta el 13 de agosto, cuatro d\u00edas antes de las elecciones.<\/p>\n<p style=\"text-align: justify;\">Hasta el momento el TSE no recibi\u00f3 demandas de inhabilitaci\u00f3n de candidatos, solamente aquellos contra los candidatos a presidente por no haber renunciado a sus cargos, como los casos de los alcaldes Jhonny Fern\u00e1ndez, Manfred Reyes Villa o Eva Copa, pero no recibieron demandas contra otros candidatos que est\u00e9n postulando a cargos en el Legislativo.<\/p>\n<p style=\"text-align: justify;\">Este periodo, entre el 3 y 13 de agosto es solo para casos \u201cexcepcionales\u201d, que hubieran sucedido en este tiempo o que hubiera casos recientes contra los denunciados. La ley exige que las pruebas sean de reciente obtenci\u00f3n o que hayan surgido antes del 3 de agosto.<\/p>\n<p style=\"text-align: justify;\">El \u00fanico candidato que no termin\u00f3 de presentar la plancha completa es Jhonny Fern\u00e1ndez, pues no tiene candidato a vicepresidente y gran parte de sus listas no est\u00e1n completas, el candidato presidencial, dijo que hasta la siguiente semana presentar\u00e1 a su \u201cdupla ganadora\u201d y las versiones apuntan que ser\u00e1 alguien del grupo del expresidente, Evo Morales.<\/p>\n","protected":false},"excerpt":{"rendered":"<p>Desde el domingo rige el plazo para que las personas presenten pedidos de inhabilitaci\u00f3n contra candidatos que tengan denuncias y hayan sido habilitados en junio. Este es un periodo extraordinario que fija la Ley de R\u00e9gimen Electoral (Ley 026) y est\u00e1 previsto en el calendario electoral, vigente. \u201cEl Tribunal Supremo Electoral, de oficio o a [&hellip;]<\/p>\n","protected":false},"author":2,"featured_media":79123,"comment_status":"closed","ping_status":"open","sticky":false,"template":"","format":"standard","meta":{"footnotes":""},"categories":[18],"tags":[],"class_list":{"0":"post-79122","1":"post","2":"type-post","3":"status-publish","4":"format-standard","5":"has-post-thumbnail","7":"category-politica"},"_links":{"self":[{"href":"https:\/\/jms.com.bo\/mediamonitor\/wp-json\/wp\/v2\/posts\/79122","targetHints":{"allow":["GET"]}}],"collection":[{"href":"https:\/\/jms.com.bo\/mediamonitor\/wp-json\/wp\/v2\/posts"}],"about":[{"href":"https:\/\/jms.com.bo\/mediamonitor\/wp-json\/wp\/v2\/types\/post"}],"author":[{"embeddable":true,"href":"https:\/\/jms.com.bo\/mediamonitor\/wp-json\/wp\/v2\/users\/2"}],"replies":[{"embeddable":true,"href":"https:\/\/jms.com.bo\/mediamonitor\/wp-json\/wp\/v2\/comments?post=79122"}],"version-history":[{"count":0,"href":"https:\/\/jms.com.bo\/mediamonitor\/wp-json\/wp\/v2\/posts\/79122\/revisions"}],"wp:featuredmedia":[{"embeddable":true,"href":"https:\/\/jms.com.bo\/mediamonitor\/wp-json\/wp\/v2\/media\/79123"}],"wp:attachment":[{"href":"https:\/\/jms.com.bo\/mediamonitor\/wp-json\/wp\/v2\/media?parent=79122"}],"wp:term":[{"taxonomy":"category","embeddable":true,"href":"https:\/\/jms.com.bo\/mediamonitor\/wp-json\/wp\/v2\/categories?post=79122"},{"taxonomy":"post_tag","embeddable":true,"href":"https:\/\/jms.com.bo\/mediamonitor\/wp-json\/wp\/v2\/tags?post=79122"}],"curies":[{"name":"wp","href":"https:\/\/api.w.org\/{rel}","templated":true}]}}