{"id":79124,"date":"2025-08-05T07:51:52","date_gmt":"2025-08-05T11:51:52","guid":{"rendered":"https:\/\/jms.com.bo\/mediamonitor\/2025\/08\/05\/tse-instalara-sala-plena-en-sucre-evaluara-el-trabajo-para-los-comicios-y-analizara-situacion-de-morena\/"},"modified":"2025-08-05T07:51:52","modified_gmt":"2025-08-05T11:51:52","slug":"tse-instalara-sala-plena-en-sucre-evaluara-el-trabajo-para-los-comicios-y-analizara-situacion-de-morena","status":"publish","type":"post","link":"https:\/\/jms.com.bo\/mediamonitor\/2025\/08\/05\/tse-instalara-sala-plena-en-sucre-evaluara-el-trabajo-para-los-comicios-y-analizara-situacion-de-morena\/","title":{"rendered":"TSE instalar\u00e1 Sala Plena en Sucre, evaluar\u00e1 el trabajo para los comicios y analizar\u00e1 situaci\u00f3n de Morena"},"content":{"rendered":"<p style=\"text-align: justify;\">El presidente del TSE, Oscar Hassenteufel, convoc\u00f3 a sesi\u00f3n de Sala Plena de ese \u00f3rgano estatal para este martes 5 de agosto, en Sucre, ciudad en la que se desarrollan actos por el Bicentenario de Bolivia. Se prev\u00e9 que los vocales electorales eval\u00faen los preparativos para los comicios generales del 17 de agosto y definan la situaci\u00f3n de Morena, partido que abandon\u00f3 la carrera electoral.<\/p>\n<p style=\"text-align: justify;\">El vocal Gustavo \u00c1vila inform\u00f3 que la convocatoria de Hassenteufel se\u00f1ala que la reuni\u00f3n de Sala Plena se dar\u00e1 a partir de las 09:00.<\/p>\n<p style=\"text-align: justify;\">El vocal electoral inform\u00f3 que se evaluar\u00e1 los preparativos para las elecciones generales, principalmente con el preparado y env\u00edo de maletas electorales a diferentes puntos de votaci\u00f3n.<\/p>\n<p style=\"text-align: justify;\">Para este caso, resalt\u00f3 que hay una \u201ccadena de custodia\u201d, para el resguardo del material electoral que en enviado a recintos electorales.<\/p>\n<p style=\"text-align: justify;\">Adem\u00e1s, acot\u00f3 que se coordinar\u00e1 con autoridades policiales y militares el trabajo que se desplegar\u00e1 durante las elecciones generales, para garantizar el voto de la ciudadan\u00eda.<\/p>\n<p style=\"text-align: justify;\">Otro aspecto que ser\u00e1 hecho conocer hasta el mediod\u00eda de este martes, es la situaci\u00f3n del Movimiento de Renovaci\u00f3n Nacional (Morena), partido que declin\u00f3 su participaci\u00f3n en las elecciones generales.<\/p>\n<p style=\"text-align: justify;\">La l\u00edder de Morena y alcaldesa de El Alto, Eva Copa, anunci\u00f3 la semana pasada que este partido abandonaba la carrera electoral por ataques externos e internos.<\/p>\n<p style=\"text-align: justify;\">\u00c1vila dijo que se prev\u00e9 que hasta mediod\u00eda se d\u00e9 a conocer una posici\u00f3n oficial del TSE respecto a la decisi\u00f3n de ese partido.<\/p>\n","protected":false},"excerpt":{"rendered":"<p>El presidente del TSE, Oscar Hassenteufel, convoc\u00f3 a sesi\u00f3n de Sala Plena de ese \u00f3rgano estatal para este martes 5 de agosto, en Sucre, ciudad en la que se desarrollan actos por el Bicentenario de Bolivia. Se prev\u00e9 que los vocales electorales eval\u00faen los preparativos para los comicios generales del 17 de agosto y definan [&hellip;]<\/p>\n","protected":false},"author":2,"featured_media":79125,"comment_status":"closed","ping_status":"open","sticky":false,"template":"","format":"standard","meta":{"footnotes":""},"categories":[18,48,46],"tags":[],"class_list":{"0":"post-79124","1":"post","2":"type-post","3":"status-publish","4":"format-standard","5":"has-post-thumbnail","7":"category-politica","8":"category-portada-general-sitio","9":"category-portada-politica"},"_links":{"self":[{"href":"https:\/\/jms.com.bo\/mediamonitor\/wp-json\/wp\/v2\/posts\/79124","targetHints":{"allow":["GET"]}}],"collection":[{"href":"https:\/\/jms.com.bo\/mediamonitor\/wp-json\/wp\/v2\/posts"}],"about":[{"href":"https:\/\/jms.com.bo\/mediamonitor\/wp-json\/wp\/v2\/types\/post"}],"author":[{"embeddable":true,"href":"https:\/\/jms.com.bo\/mediamonitor\/wp-json\/wp\/v2\/users\/2"}],"replies":[{"embeddable":true,"href":"https:\/\/jms.com.bo\/mediamonitor\/wp-json\/wp\/v2\/comments?post=79124"}],"version-history":[{"count":0,"href":"https:\/\/jms.com.bo\/mediamonitor\/wp-json\/wp\/v2\/posts\/79124\/revisions"}],"wp:featuredmedia":[{"embeddable":true,"href":"https:\/\/jms.com.bo\/mediamonitor\/wp-json\/wp\/v2\/media\/79125"}],"wp:attachment":[{"href":"https:\/\/jms.com.bo\/mediamonitor\/wp-json\/wp\/v2\/media?parent=79124"}],"wp:term":[{"taxonomy":"category","embeddable":true,"href":"https:\/\/jms.com.bo\/mediamonitor\/wp-json\/wp\/v2\/categories?post=79124"},{"taxonomy":"post_tag","embeddable":true,"href":"https:\/\/jms.com.bo\/mediamonitor\/wp-json\/wp\/v2\/tags?post=79124"}],"curies":[{"name":"wp","href":"https:\/\/api.w.org\/{rel}","templated":true}]}}