{"id":79126,"date":"2025-08-05T07:53:30","date_gmt":"2025-08-05T11:53:30","guid":{"rendered":"https:\/\/jms.com.bo\/mediamonitor\/2025\/08\/05\/organizacion-de-las-elecciones-en-la-recta-final-restan-12-actividades-para-el-17-de-agosto\/"},"modified":"2025-08-05T07:53:30","modified_gmt":"2025-08-05T11:53:30","slug":"organizacion-de-las-elecciones-en-la-recta-final-restan-12-actividades-para-el-17-de-agosto","status":"publish","type":"post","link":"https:\/\/jms.com.bo\/mediamonitor\/2025\/08\/05\/organizacion-de-las-elecciones-en-la-recta-final-restan-12-actividades-para-el-17-de-agosto\/","title":{"rendered":"Organizaci\u00f3n de las elecciones en la recta final: restan 12 actividades para el 17 de agosto"},"content":{"rendered":"<p style=\"text-align: justify;\">Los preparativos para las elecciones generales del 17 de agosto se encuentran en la recta final, ya que solo quedan 12 tareas pendientes hasta el d\u00eda de la votaci\u00f3n.<\/p>\n<p style=\"text-align: justify;\">De acuerdo con el cronograma, este domingo 10 de agosto se cierra el periodo de difusi\u00f3n o publicaci\u00f3n de estudios de opini\u00f3n en materia electoral, que inici\u00f3 el 20 de mayo.<\/p>\n<p style=\"text-align: justify;\">Adem\u00e1s, ese mismo d\u00eda, los tribunales electorales departamentales y el Tribunal Supremo Electoral (TSE) publicar\u00e1n, en medios de comunicaci\u00f3n y el portal web del \u00d3rgano Electoral Plurinacional (OEP), las n\u00f3minas de las mesas de sufragio (recinto, asiento, circunscripci\u00f3n uninominal y especial) que funcionar\u00e1n el 17 de agosto.<\/p>\n<p style=\"text-align: justify;\">D\u00edas despu\u00e9s, el 13 de agosto, se cerrar\u00e1 el plazo para cuatro actividades, de inicio se debe concluir con la difusi\u00f3n de la propaganda electoral en medios de comunicaci\u00f3n masivos y la difusi\u00f3n de propaganda electoral en actos p\u00fablicos de campa\u00f1a.<\/p>\n<p style=\"text-align: justify;\">De igual manera, los tribunales y el TSE recibir\u00e1n y procesar\u00e1n las demandas de inhabilitaci\u00f3n contra los candidatos de los ocho frentes en competencia, mientras que las organizaciones pol\u00edticas podr\u00e1n hasta ese mi\u00e9rcoles 13 de agosto sustituir las candidaturas inhabilitadas por alguna causal.<\/p>\n<p style=\"text-align: justify;\">Para el 14 de agosto, el calendario prev\u00e9 la publicaci\u00f3n del lugar donde se realizar\u00e1 el c\u00f3mputo departamental, por parte de los tribunales electorales departamentales, y el c\u00f3mputo del voto en el exterior por el Tribunal Supremo Electoral, luego de la jornada de votaci\u00f3n.<\/p>\n<p style=\"text-align: justify;\">En tanto, el s\u00e1bado 16 de agosto se publicar\u00e1 la lista final de candidaturas habilitadas de las organizaciones pol\u00edticas y\/o alianzas para las elecciones del 17 de agosto, tanto en medios de comunicaci\u00f3n como en el portal web del OEP.<\/p>\n<p style=\"text-align: justify;\">Seg\u00fan el calendario electoral, desde el 15 de agosto hasta las 18:00 del d\u00eda del sufragio, los medios de comunicaci\u00f3n estar\u00e1n prohibidos de difundir \u201ccontenidos que puedan favorecer, perjudicar o dar trato preferencial a alguna organizaci\u00f3n pol\u00edtica o candidatura; o difundir programas que puedan influir en las preferencias electorales\u201d.<\/p>\n<p style=\"text-align: justify;\">Ya en la parte procedimental de la jornada de votaci\u00f3n, la notificaci\u00f3n a los jurados de mesa de sufragio se realizar\u00e1 hasta el 17 de agosto, al igual que la conformaci\u00f3n de la directiva de mesas de sufragio y capacitaci\u00f3n a jurados electorales.<\/p>\n<p style=\"text-align: justify;\">Desde las 00h00 del domingo 17 de agosto, el \u00d3rgano Electoral Plurinacional asumir\u00e1 el mando de la fuerza p\u00fablica en apego al art\u00edculo 148 de la Ley 026 del R\u00e9gimen Electoral.<\/p>\n<p style=\"text-align: justify;\">En esta nueva jornada de votaci\u00f3n, los bolivianos elegir\u00e1n al presidente y vicepresidente, 130 diputados, 36 senadores y 9 representantes supraestatales.<\/p>\n<p style=\"text-align: justify;\">\n","protected":false},"excerpt":{"rendered":"<p>Los preparativos para las elecciones generales del 17 de agosto se encuentran en la recta final, ya que solo quedan 12 tareas pendientes hasta el d\u00eda de la votaci\u00f3n. De acuerdo con el cronograma, este domingo 10 de agosto se cierra el periodo de difusi\u00f3n o publicaci\u00f3n de estudios de opini\u00f3n en materia electoral, que [&hellip;]<\/p>\n","protected":false},"author":2,"featured_media":79127,"comment_status":"closed","ping_status":"open","sticky":false,"template":"","format":"standard","meta":{"footnotes":""},"categories":[18,48,46],"tags":[],"class_list":{"0":"post-79126","1":"post","2":"type-post","3":"status-publish","4":"format-standard","5":"has-post-thumbnail","7":"category-politica","8":"category-portada-general-sitio","9":"category-portada-politica"},"_links":{"self":[{"href":"https:\/\/jms.com.bo\/mediamonitor\/wp-json\/wp\/v2\/posts\/79126","targetHints":{"allow":["GET"]}}],"collection":[{"href":"https:\/\/jms.com.bo\/mediamonitor\/wp-json\/wp\/v2\/posts"}],"about":[{"href":"https:\/\/jms.com.bo\/mediamonitor\/wp-json\/wp\/v2\/types\/post"}],"author":[{"embeddable":true,"href":"https:\/\/jms.com.bo\/mediamonitor\/wp-json\/wp\/v2\/users\/2"}],"replies":[{"embeddable":true,"href":"https:\/\/jms.com.bo\/mediamonitor\/wp-json\/wp\/v2\/comments?post=79126"}],"version-history":[{"count":0,"href":"https:\/\/jms.com.bo\/mediamonitor\/wp-json\/wp\/v2\/posts\/79126\/revisions"}],"wp:featuredmedia":[{"embeddable":true,"href":"https:\/\/jms.com.bo\/mediamonitor\/wp-json\/wp\/v2\/media\/79127"}],"wp:attachment":[{"href":"https:\/\/jms.com.bo\/mediamonitor\/wp-json\/wp\/v2\/media?parent=79126"}],"wp:term":[{"taxonomy":"category","embeddable":true,"href":"https:\/\/jms.com.bo\/mediamonitor\/wp-json\/wp\/v2\/categories?post=79126"},{"taxonomy":"post_tag","embeddable":true,"href":"https:\/\/jms.com.bo\/mediamonitor\/wp-json\/wp\/v2\/tags?post=79126"}],"curies":[{"name":"wp","href":"https:\/\/api.w.org\/{rel}","templated":true}]}}