{"id":79133,"date":"2025-08-05T07:59:53","date_gmt":"2025-08-05T11:59:53","guid":{"rendered":"https:\/\/jms.com.bo\/mediamonitor\/2025\/08\/05\/inflacion-acumulada-en-bolivia-trepa-al-1692-en-siete-meses-impulsada-por-conflictos-y-escasez\/"},"modified":"2025-08-05T07:59:53","modified_gmt":"2025-08-05T11:59:53","slug":"inflacion-acumulada-en-bolivia-trepa-al-1692-en-siete-meses-impulsada-por-conflictos-y-escasez","status":"publish","type":"post","link":"https:\/\/jms.com.bo\/mediamonitor\/2025\/08\/05\/inflacion-acumulada-en-bolivia-trepa-al-1692-en-siete-meses-impulsada-por-conflictos-y-escasez\/","title":{"rendered":"Inflaci\u00f3n acumulada en Bolivia trepa al 16,92% en siete meses, impulsada por conflictos y escasez"},"content":{"rendered":"<p style=\"text-align: justify;\">Bolivia acumul\u00f3 una inflaci\u00f3n de 16,92% entre enero y julio de 2025, seg\u00fan el \u00faltimo informe del Instituto Nacional de Estad\u00edstica (INE). El dato refleja el fuerte impacto que tuvieron los bloqueos sociales sobre el costo de vida, especialmente en junio, cuando el \u00edndice mensual escal\u00f3 a 5,21%, el m\u00e1s alto en a\u00f1os recientes.<\/p>\n<p style=\"text-align: justify;\">El director del INE, Humberto Arandia, explic\u00f3 que la inflaci\u00f3n de julio fue de 1,20%, mostrando una desaceleraci\u00f3n respecto al mes anterior. Sin embargo, advirti\u00f3 que el da\u00f1o econ\u00f3mico ya est\u00e1 hecho: \u00abM\u00e1s de 4 puntos porcentuales del dato de junio se explican \u00fanicamente por los bloqueos promovidos por el se\u00f1or Evo Morales\u00bb, afirm\u00f3.<\/p>\n<p style=\"text-align: justify;\">Alimentos, transporte y art\u00edculos importados: los m\u00e1s golpeados<br \/>\nArandia detall\u00f3 que los productos con mayor alza en julio fueron el almuerzo (por efecto encadenado del alza de insumos), frutas como pl\u00e1tano y banano, el transporte interdepartamental y art\u00edculos de aseo personal. En estos \u00faltimos, el incremento fue atribuido a un rezago del tipo de cambio alto de abril y mayo.<\/p>\n<p style=\"text-align: justify;\">\u00abEstamos viendo efectos de segunda vuelta: suben los insumos y, luego, los productos elaborados con ellos\u00bb, explic\u00f3.<\/p>\n<p style=\"text-align: justify;\">Retroceso de precios en alimentos clave<br \/>\nPese al panorama general, el informe tambi\u00e9n identific\u00f3 ca\u00eddas de precios significativas, especialmente en productos frescos. La carne de res y de pollo, la cebolla, el tomate y el zapallo bajaron sus precios en julio, a medida que se restableci\u00f3 el abastecimiento en los mercados del pa\u00eds.<\/p>\n<p style=\"text-align: justify;\">\u00abDespu\u00e9s de ocho meses consecutivos, en julio cay\u00f3 el precio de la carne de res. Lo mismo pas\u00f3 con el pollo, cuyo precio baj\u00f3 hasta en Bs 10 por kilo en algunas ciudades\u00bb, precis\u00f3 Arandia.<\/p>\n<p style=\"text-align: justify;\">El d\u00f3lar paralelo y la presi\u00f3n externa<br \/>\nEl director del INE tambi\u00e9n vincul\u00f3 la inflaci\u00f3n con el tipo de cambio paralelo, que lleg\u00f3 a superar los Bs 17 por d\u00f3lar durante los bloqueos, antes de caer a niveles cercanos a Bs 16 tras la aprobaci\u00f3n de cr\u00e9ditos internacionales por parte del Legislativo y un super\u00e1vit comercial registrado en junio.<\/p>\n<p style=\"text-align: justify;\">\u00abLa disponibilidad de d\u00f3lares ha mejorado. Incluso hemos visto casos de librecambistas ofreciendo por debajo de los Bs 13 por d\u00f3lar\u00bb, sostuvo.<\/p>\n<p style=\"text-align: justify;\">En este contexto, se\u00f1al\u00f3 que algunos precios de productos importados como celulares ya est\u00e1n bajando, e inst\u00f3 a las alcald\u00edas a hacer controles para evitar especulaci\u00f3n. \u201cYa no hay excusa t\u00e9cnica para mantener precios altos por tipo de cambio\u201d, sentenci\u00f3.<\/p>\n<p style=\"text-align: justify;\">Comercio exterior: saldo positivo en junio<br \/>\nSeg\u00fan el INE, Bolivia registr\u00f3 por segundo mes consecutivo una balanza comercial positiva. En junio, las exportaciones alcanzaron los $us 787 millones, mientras que las importaciones bajaron a $us 712 millones. La ca\u00edda en compras externas se concentr\u00f3 en veh\u00edculos y bienes de capital.<\/p>\n<p style=\"text-align: justify;\">Consultado sobre el aumento del arancel de EE.UU. a productos bolivianos (del 10% al 15%), Arandia minimiz\u00f3 su impacto: \u201cExportamos a ese mercado principalmente textiles, joyer\u00eda en peque\u00f1a escala y algunos productos agropecuarios. El volumen es bajo\u201d, afirm\u00f3.<\/p>\n<p style=\"text-align: justify;\">Finalmente, reiter\u00f3 que, de mantenerse el flujo de divisas y la estabilidad cambiaria, se espera una tendencia a la baja en la inflaci\u00f3n en los pr\u00f3ximos meses, aunque reconoci\u00f3 que sectores como el farmac\u00e9utico siguen golpeados por la falta de d\u00f3lares.<\/p>\n","protected":false},"excerpt":{"rendered":"<p>Bolivia acumul\u00f3 una inflaci\u00f3n de 16,92% entre enero y julio de 2025, seg\u00fan el \u00faltimo informe del Instituto Nacional de Estad\u00edstica (INE). El dato refleja el fuerte impacto que tuvieron los bloqueos sociales sobre el costo de vida, especialmente en junio, cuando el \u00edndice mensual escal\u00f3 a 5,21%, el m\u00e1s alto en a\u00f1os recientes. El [&hellip;]<\/p>\n","protected":false},"author":2,"featured_media":79134,"comment_status":"closed","ping_status":"open","sticky":false,"template":"","format":"standard","meta":{"footnotes":""},"categories":[25,45,48],"tags":[],"class_list":{"0":"post-79133","1":"post","2":"type-post","3":"status-publish","4":"format-standard","5":"has-post-thumbnail","7":"category-economia","8":"category-portada-economia","9":"category-portada-general-sitio"},"_links":{"self":[{"href":"https:\/\/jms.com.bo\/mediamonitor\/wp-json\/wp\/v2\/posts\/79133","targetHints":{"allow":["GET"]}}],"collection":[{"href":"https:\/\/jms.com.bo\/mediamonitor\/wp-json\/wp\/v2\/posts"}],"about":[{"href":"https:\/\/jms.com.bo\/mediamonitor\/wp-json\/wp\/v2\/types\/post"}],"author":[{"embeddable":true,"href":"https:\/\/jms.com.bo\/mediamonitor\/wp-json\/wp\/v2\/users\/2"}],"replies":[{"embeddable":true,"href":"https:\/\/jms.com.bo\/mediamonitor\/wp-json\/wp\/v2\/comments?post=79133"}],"version-history":[{"count":0,"href":"https:\/\/jms.com.bo\/mediamonitor\/wp-json\/wp\/v2\/posts\/79133\/revisions"}],"wp:featuredmedia":[{"embeddable":true,"href":"https:\/\/jms.com.bo\/mediamonitor\/wp-json\/wp\/v2\/media\/79134"}],"wp:attachment":[{"href":"https:\/\/jms.com.bo\/mediamonitor\/wp-json\/wp\/v2\/media?parent=79133"}],"wp:term":[{"taxonomy":"category","embeddable":true,"href":"https:\/\/jms.com.bo\/mediamonitor\/wp-json\/wp\/v2\/categories?post=79133"},{"taxonomy":"post_tag","embeddable":true,"href":"https:\/\/jms.com.bo\/mediamonitor\/wp-json\/wp\/v2\/tags?post=79133"}],"curies":[{"name":"wp","href":"https:\/\/api.w.org\/{rel}","templated":true}]}}