{"id":79141,"date":"2025-08-05T08:15:56","date_gmt":"2025-08-05T12:15:56","guid":{"rendered":"https:\/\/jms.com.bo\/mediamonitor\/2025\/08\/05\/escasez-de-combustible-agudiza-el-caos-en-regiones-de-bolivia-y-golpea-al-transporte-popular\/"},"modified":"2025-08-05T08:15:56","modified_gmt":"2025-08-05T12:15:56","slug":"escasez-de-combustible-agudiza-el-caos-en-regiones-de-bolivia-y-golpea-al-transporte-popular","status":"publish","type":"post","link":"https:\/\/jms.com.bo\/mediamonitor\/2025\/08\/05\/escasez-de-combustible-agudiza-el-caos-en-regiones-de-bolivia-y-golpea-al-transporte-popular\/","title":{"rendered":"Escasez de combustible agudiza el caos en regiones de Bolivia y golpea al transporte popular"},"content":{"rendered":"<p style=\"text-align: justify;\">La escasez de combustible se agrava en varias regiones del pa\u00eds. En zonas de La Paz, la ausencia de filas en los surtidores no refleja normalidad, sino desabastecimiento total: simplemente no hay gasolina ni di\u00e9sel. La crisis impacta de lleno al transporte p\u00fablico y a miles de ciudadanos que dependen de este servicio para movilizarse, trabajar o desplazarse a los centros educativos.<\/p>\n<p style=\"text-align: justify;\">En La Paz, por la zona de Obrajes y la avenida Kantutani, en la zona Sur, se evidenci\u00f3 estaciones completamente cerradas, sin rastro de carburantes. \u201cAqu\u00ed normalmente hay filas de choferes esperando por horas. Hoy no hay nadie porque simplemente no hay combustible\u201d, report\u00f3 un medio de TV.<\/p>\n<p style=\"text-align: justify;\">En al menos cinco surtidores recorridos, ubicados en Sopocachi, Miraflores, Chasquipampa, Los Pinos y la zona Sur, la situaci\u00f3n fue la misma: cerrados, con conos y vallas bloqueando el ingreso vehicular. Algunos empleados informaron que la gasolina reci\u00e9n llegar\u00eda \u201cma\u00f1ana al mediod\u00eda\u201d, mientras que otros admitieron no tener certeza alguna sobre los horarios de reabastecimiento.<\/p>\n<p style=\"text-align: justify;\">En el municipio fronterizo de San Mat\u00edas, en el departamento de Santa Cruz, la escasez se ha tornado desesperante. Las filas en surtidores duran horas e incluso d\u00edas, y los conductores solo acceden a cinco litros por persona, generando escenas de frustraci\u00f3n y tensi\u00f3n social. \u201cNo hay c\u00f3mo meter m\u00e1s motos, ya est\u00e1 lleno el lugar\u201d, se quejan vecinos que exigen una soluci\u00f3n inmediata.<\/p>\n<p style=\"text-align: justify;\">La situaci\u00f3n es similar en Cobija, capital del departamento de Pando. All\u00ed, el recorte del cupo de combustible a los truffis \u2014minibuses que prestan servicio en barrios alejados\u2014 ha generado un colapso del transporte urbano. \u201cAntes les vend\u00edan tanque lleno, ahora apenas 40 litros. Solo les alcanza para uno o dos d\u00edas, luego deben perder otro d\u00eda haciendo fila\u201d, explic\u00f3 Michel Rivera, dirigente del sexto distrito, en entrevista con medios locales.<\/p>\n<p style=\"text-align: justify;\">El impacto directo lo sufre la poblaci\u00f3n: el pasaje en mototaxi desde barrios perif\u00e9ricos al centro de Cobija llega hasta los 20 bolivianos, un precio inalcanzable para muchas familias. \u201cEsto perjudica a estudiantes, trabajadores y vecinos humildes que no pueden pagar un taxi cada d\u00eda\u201d, remarc\u00f3 Rivera, quien exige una reuni\u00f3n urgente con la Agencia Nacional de Hidrocarburos (ANH) para restablecer los cupos anteriores.<\/p>\n<p style=\"text-align: justify;\">Por su parte, los transportistas nacionales amenazan con acciones legales. Domingo Ramos, dirigente del sector, responsabiliz\u00f3 al Gobierno central por el desabastecimiento. \u201cNo somos pol\u00edticos, somos transportistas. Queremos trabajar. Mientras ellos tienen jugosos sueldos, nosotros estamos mendigando combustible\u201d, reclam\u00f3 en un discurso encendido.<\/p>\n<p style=\"text-align: justify;\">Pese a que el Gobierno ha asegurado en varias ocasiones que la provisi\u00f3n est\u00e1 garantizada, la realidad en las calles desmiente esa narrativa. Las estaciones de servicio est\u00e1n desabastecidas, el transporte popular est\u00e1 paralizado en varias regiones, y los trabajadores del sector denuncian p\u00e9rdidas millonarias acumuladas en lo que va del a\u00f1o.<\/p>\n","protected":false},"excerpt":{"rendered":"<p>La escasez de combustible se agrava en varias regiones del pa\u00eds. En zonas de La Paz, la ausencia de filas en los surtidores no refleja normalidad, sino desabastecimiento total: simplemente no hay gasolina ni di\u00e9sel. La crisis impacta de lleno al transporte p\u00fablico y a miles de ciudadanos que dependen de este servicio para movilizarse, [&hellip;]<\/p>\n","protected":false},"author":2,"featured_media":79142,"comment_status":"closed","ping_status":"open","sticky":false,"template":"","format":"standard","meta":{"footnotes":""},"categories":[48,43],"tags":[],"class_list":{"0":"post-79141","1":"post","2":"type-post","3":"status-publish","4":"format-standard","5":"has-post-thumbnail","7":"category-portada-general-sitio","8":"category-portada-oil-gas"},"_links":{"self":[{"href":"https:\/\/jms.com.bo\/mediamonitor\/wp-json\/wp\/v2\/posts\/79141","targetHints":{"allow":["GET"]}}],"collection":[{"href":"https:\/\/jms.com.bo\/mediamonitor\/wp-json\/wp\/v2\/posts"}],"about":[{"href":"https:\/\/jms.com.bo\/mediamonitor\/wp-json\/wp\/v2\/types\/post"}],"author":[{"embeddable":true,"href":"https:\/\/jms.com.bo\/mediamonitor\/wp-json\/wp\/v2\/users\/2"}],"replies":[{"embeddable":true,"href":"https:\/\/jms.com.bo\/mediamonitor\/wp-json\/wp\/v2\/comments?post=79141"}],"version-history":[{"count":0,"href":"https:\/\/jms.com.bo\/mediamonitor\/wp-json\/wp\/v2\/posts\/79141\/revisions"}],"wp:featuredmedia":[{"embeddable":true,"href":"https:\/\/jms.com.bo\/mediamonitor\/wp-json\/wp\/v2\/media\/79142"}],"wp:attachment":[{"href":"https:\/\/jms.com.bo\/mediamonitor\/wp-json\/wp\/v2\/media?parent=79141"}],"wp:term":[{"taxonomy":"category","embeddable":true,"href":"https:\/\/jms.com.bo\/mediamonitor\/wp-json\/wp\/v2\/categories?post=79141"},{"taxonomy":"post_tag","embeddable":true,"href":"https:\/\/jms.com.bo\/mediamonitor\/wp-json\/wp\/v2\/tags?post=79141"}],"curies":[{"name":"wp","href":"https:\/\/api.w.org\/{rel}","templated":true}]}}