{"id":79143,"date":"2025-08-06T07:18:10","date_gmt":"2025-08-06T11:18:10","guid":{"rendered":"https:\/\/jms.com.bo\/mediamonitor\/2025\/08\/06\/santa-cruz-registra-la-muerte-de-8-ninos-por-coqueluche-y-tiene-brote-en-16-municipios\/"},"modified":"2025-08-06T07:18:10","modified_gmt":"2025-08-06T11:18:10","slug":"santa-cruz-registra-la-muerte-de-8-ninos-por-coqueluche-y-tiene-brote-en-16-municipios","status":"publish","type":"post","link":"https:\/\/jms.com.bo\/mediamonitor\/2025\/08\/06\/santa-cruz-registra-la-muerte-de-8-ninos-por-coqueluche-y-tiene-brote-en-16-municipios\/","title":{"rendered":"Santa Cruz registra la muerte de 8 ni\u00f1os por coqueluche y tiene brote en 16 municipios"},"content":{"rendered":"<p style=\"text-align: justify;\">El coqueluche (tosferina) contin\u00faa causando alarma en Santa Cruz. Desde 2022, el departamento enfrenta una epidemia activa de esta enfermedad infecciosa, y en lo que va de 2025 ya se reportaron ocho menores fallecidos y un nuevo brote de transmisi\u00f3n comunitaria, seg\u00fan confirm\u00f3 el director del Servicio Departamental de Salud (Sedes), Jaime Bilbao.<\/p>\n<p style=\"text-align: justify;\">\u201cHemos tenido un brote durante las primeras ocho semanas epidemiol\u00f3gicas con una epidemia de fuente propagada y, lamentablemente, cuatro ni\u00f1os fallecieron. A partir de la semana 29, enfrentamos un nuevo brote, de menor intensidad, pero con otros cuatro decesos, sumando ocho en total\u201d, detall\u00f3 Bilbao en conferencia de prensa.<\/p>\n<p style=\"text-align: justify;\">Hasta la fecha, se registraron 753 casos sospechosos, de los cuales 164 fueron confirmados como positivos de coqueluche. Actualmente, cuatro pacientes permanecen internados, dos de ellos en el Hospital de Ni\u00f1os (uno en terapia intensiva), uno en el Hospital Japon\u00e9s y otro en Warnes. Todos presentan una evoluci\u00f3n estable o favorable, seg\u00fan el reporte oficial.<\/p>\n<p style=\"text-align: justify;\">Municipios afectados<\/p>\n<p style=\"text-align: justify;\">Los 16 municipios cruce\u00f1os con casos positivos confirmados son: Camiri, Colpa B\u00e9lgica, Concepci\u00f3n, Cotoca, La Guardia, Montero, Pail\u00f3n, Porongo, Portachuelo, San Ignacio, San Juli\u00e1n, San Mat\u00edas, San Ram\u00f3n, Santa Cruz de la Sierra, Vallegrande y Warnes.<\/p>\n<p style=\"text-align: justify;\">Ante el avance de la enfermedad, el director del Sedes reiter\u00f3 su llamado a los padres de familia: \u201cAnte cualquier s\u00edntoma como fiebre, dolor de garganta, tos o manchas en la piel, lleven de inmediato a sus hijos al centro de salud m\u00e1s cercano para una evaluaci\u00f3n m\u00e9dica\u201d, enfatiz\u00f3 Bilbao.<\/p>\n<p style=\"text-align: justify;\">Las autoridades sanitarias insisten en que la vacunaci\u00f3n oportuna y completa en ni\u00f1os menores de cinco a\u00f1os sigue siendo la mejor herramienta para frenar la propagaci\u00f3n del brote.<\/p>\n<p style=\"text-align: justify;\">Brote internacional<\/p>\n<p style=\"text-align: justify;\">Bilbao tambi\u00e9n advirti\u00f3 que el brote no es exclusivo de Bolivia. El coqueluche registra un repunte a nivel mundial desde 2024, y la regi\u00f3n de las Am\u00e9ricas ya ha reportado 14.201 casos y 93 fallecimientos en lo que va del a\u00f1o, especialmente en Brasil, Colombia, Ecuador, Estados Unidos, M\u00e9xico, Paraguay y Per\u00fa. La situaci\u00f3n motiv\u00f3 a la OPS\/OMS a emitir una alerta internacional para reforzar las coberturas de vacunaci\u00f3n en menores de 5 a\u00f1os.<\/p>\n","protected":false},"excerpt":{"rendered":"<p>El coqueluche (tosferina) contin\u00faa causando alarma en Santa Cruz. Desde 2022, el departamento enfrenta una epidemia activa de esta enfermedad infecciosa, y en lo que va de 2025 ya se reportaron ocho menores fallecidos y un nuevo brote de transmisi\u00f3n comunitaria, seg\u00fan confirm\u00f3 el director del Servicio Departamental de Salud (Sedes), Jaime Bilbao. \u201cHemos tenido [&hellip;]<\/p>\n","protected":false},"author":2,"featured_media":79144,"comment_status":"closed","ping_status":"open","sticky":false,"template":"","format":"standard","meta":{"footnotes":""},"categories":[53],"tags":[],"class_list":{"0":"post-79143","1":"post","2":"type-post","3":"status-publish","4":"format-standard","5":"has-post-thumbnail","7":"category-salud"},"_links":{"self":[{"href":"https:\/\/jms.com.bo\/mediamonitor\/wp-json\/wp\/v2\/posts\/79143","targetHints":{"allow":["GET"]}}],"collection":[{"href":"https:\/\/jms.com.bo\/mediamonitor\/wp-json\/wp\/v2\/posts"}],"about":[{"href":"https:\/\/jms.com.bo\/mediamonitor\/wp-json\/wp\/v2\/types\/post"}],"author":[{"embeddable":true,"href":"https:\/\/jms.com.bo\/mediamonitor\/wp-json\/wp\/v2\/users\/2"}],"replies":[{"embeddable":true,"href":"https:\/\/jms.com.bo\/mediamonitor\/wp-json\/wp\/v2\/comments?post=79143"}],"version-history":[{"count":0,"href":"https:\/\/jms.com.bo\/mediamonitor\/wp-json\/wp\/v2\/posts\/79143\/revisions"}],"wp:featuredmedia":[{"embeddable":true,"href":"https:\/\/jms.com.bo\/mediamonitor\/wp-json\/wp\/v2\/media\/79144"}],"wp:attachment":[{"href":"https:\/\/jms.com.bo\/mediamonitor\/wp-json\/wp\/v2\/media?parent=79143"}],"wp:term":[{"taxonomy":"category","embeddable":true,"href":"https:\/\/jms.com.bo\/mediamonitor\/wp-json\/wp\/v2\/categories?post=79143"},{"taxonomy":"post_tag","embeddable":true,"href":"https:\/\/jms.com.bo\/mediamonitor\/wp-json\/wp\/v2\/tags?post=79143"}],"curies":[{"name":"wp","href":"https:\/\/api.w.org\/{rel}","templated":true}]}}