{"id":79145,"date":"2025-08-06T07:21:07","date_gmt":"2025-08-06T11:21:07","guid":{"rendered":"https:\/\/jms.com.bo\/mediamonitor\/2025\/08\/06\/bolivia-muestra-al-mundo-su-potencial-de-vinos-y-singanis-en-ocasion-del-bicentenario\/"},"modified":"2025-08-06T07:21:07","modified_gmt":"2025-08-06T11:21:07","slug":"bolivia-muestra-al-mundo-su-potencial-de-vinos-y-singanis-en-ocasion-del-bicentenario","status":"publish","type":"post","link":"https:\/\/jms.com.bo\/mediamonitor\/2025\/08\/06\/bolivia-muestra-al-mundo-su-potencial-de-vinos-y-singanis-en-ocasion-del-bicentenario\/","title":{"rendered":"Bolivia muestra al mundo su potencial de vinos y singanis en ocasi\u00f3n del Bicentenario"},"content":{"rendered":"<p style=\"text-align: justify;\">Con la presencia de embajadores y delegaciones internacionales, el presidente Luis Arce inaugur\u00f3 el Sal\u00f3n de Vinos y Singanis del Bicentenario en el Centro Plurinacional de las Culturas y las Artes Matilde Casazola \u201cLa Sombrerer\u00eda\u201d con la participaci\u00f3n de cerca de una treintena de bodegas, las m\u00e1s importantes de Bolivia y galardonadas internacionalmente.<\/p>\n<p style=\"text-align: justify;\">La finalidad de este sal\u00f3n, m\u00e1s que las ventas directas, es exponer lo mejor de los vinos y singanis bolivianos y contar la historia de estas bebidas emblem\u00e1ticas.<\/p>\n<p style=\"text-align: justify;\">\u201cHoy, en el coraz\u00f3n de nuestra capital, de nuestro centro hist\u00f3rico, Sucre, donde hace 200 a\u00f1os naci\u00f3 nuestra Rep\u00fablica, nos reunimos para celebrar un legado que fluye por las venas, que es la tradici\u00f3n del vino y del singani boliviano\u201d, afirm\u00f3 Arce en la apertura del sal\u00f3n, como parte de un homenaje m\u00e1s al Bicentenario de Bolivia.<\/p>\n<p style=\"text-align: justify;\">Al realizar un repaso hist\u00f3rico de la actividad vitivin\u00edcola, refiri\u00f3 que \u00e9sta lleg\u00f3 al territorio nacional en el siglo XVI, de la mano de misioneros espa\u00f1oles que sembraron las primeras cepas en los valles altos de Chuquisaca, Tarija y Potos\u00ed.<\/p>\n<p style=\"text-align: justify;\">Adem\u00e1s de elogiar la calidad de los vinos bolivianos, que tienen un mercado internacional ganado, Arce afirm\u00f3 que el \u201csingani es nuestra bebida originaria, propia de las bolivianas y los bolivianos\u201d.<\/p>\n<p style=\"text-align: justify;\">\u201cEl vino cada vez mejorando en la producci\u00f3n, en las diferentes cepas, en todo el pa\u00eds. Tenemos premios internacionales de nuestros vinos. Estamos hoy exportando nuestros vinos. Hemos abierto mercados de vino espumante a la China, donde se han abierto a las bebidas que producimos ac\u00e1, en el marco de todos los acuerdos comerciales que venimos realizando, tambi\u00e9n en el grupo de los pa\u00edses BRICS\u201d, destac\u00f3.<\/p>\n<p style=\"text-align: justify;\">En efecto, en la XXIII edici\u00f3n del Concurso Internacional de Vinos, Vermuts y Espirituosos Bacchus 2025, realizado en Madrid (Espa\u00f1a), en abril, Bolivia obtuvo un total de 18 medallas, destac\u00e1ndose entre m\u00e1s de 1.600 muestras de 18 pa\u00edses.<\/p>\n<p style=\"text-align: justify;\">Por ello, Arce garantiz\u00f3 el apoyo del Gobierno nacional para continuar abriendo m\u00e1s mercado para los vinos y singanis bolivianos.<\/p>\n<p style=\"text-align: justify;\">\u201cEstamos avanzando, hay un progreso important\u00edsimo en la industria vitivin\u00edcola\u201d, afirm\u00f3.<\/p>\n<p style=\"text-align: justify;\">Antes, la canciller Celinda Sosa se\u00f1al\u00f3 que el sal\u00f3n permitir\u00e1 \u201cmostrar al mundo la gran diversidad y riqueza que tiene nuestro pa\u00eds\u201d.<\/p>\n<p style=\"text-align: justify;\">\u201cContar la historia de los vinos y singanis en Bolivia es una de las mejores maneras para que podamos celebrar los 200 a\u00f1os de libertad, porque hacemos de estas deliciosas bebidas el orgullo y la identidad de nuestro pa\u00eds\u201d, expres\u00f3.<\/p>\n<p style=\"text-align: justify;\">La inauguraci\u00f3n del sal\u00f3n es parte de los actos conmemorativos por los 200 a\u00f1os de independencia de Bolivia.<\/p>\n","protected":false},"excerpt":{"rendered":"<p>Con la presencia de embajadores y delegaciones internacionales, el presidente Luis Arce inaugur\u00f3 el Sal\u00f3n de Vinos y Singanis del Bicentenario en el Centro Plurinacional de las Culturas y las Artes Matilde Casazola \u201cLa Sombrerer\u00eda\u201d con la participaci\u00f3n de cerca de una treintena de bodegas, las m\u00e1s importantes de Bolivia y galardonadas internacionalmente. La finalidad [&hellip;]<\/p>\n","protected":false},"author":2,"featured_media":79146,"comment_status":"closed","ping_status":"open","sticky":false,"template":"","format":"standard","meta":{"footnotes":""},"categories":[49],"tags":[],"class_list":{"0":"post-79145","1":"post","2":"type-post","3":"status-publish","4":"format-standard","5":"has-post-thumbnail","7":"category-social"},"_links":{"self":[{"href":"https:\/\/jms.com.bo\/mediamonitor\/wp-json\/wp\/v2\/posts\/79145","targetHints":{"allow":["GET"]}}],"collection":[{"href":"https:\/\/jms.com.bo\/mediamonitor\/wp-json\/wp\/v2\/posts"}],"about":[{"href":"https:\/\/jms.com.bo\/mediamonitor\/wp-json\/wp\/v2\/types\/post"}],"author":[{"embeddable":true,"href":"https:\/\/jms.com.bo\/mediamonitor\/wp-json\/wp\/v2\/users\/2"}],"replies":[{"embeddable":true,"href":"https:\/\/jms.com.bo\/mediamonitor\/wp-json\/wp\/v2\/comments?post=79145"}],"version-history":[{"count":0,"href":"https:\/\/jms.com.bo\/mediamonitor\/wp-json\/wp\/v2\/posts\/79145\/revisions"}],"wp:featuredmedia":[{"embeddable":true,"href":"https:\/\/jms.com.bo\/mediamonitor\/wp-json\/wp\/v2\/media\/79146"}],"wp:attachment":[{"href":"https:\/\/jms.com.bo\/mediamonitor\/wp-json\/wp\/v2\/media?parent=79145"}],"wp:term":[{"taxonomy":"category","embeddable":true,"href":"https:\/\/jms.com.bo\/mediamonitor\/wp-json\/wp\/v2\/categories?post=79145"},{"taxonomy":"post_tag","embeddable":true,"href":"https:\/\/jms.com.bo\/mediamonitor\/wp-json\/wp\/v2\/tags?post=79145"}],"curies":[{"name":"wp","href":"https:\/\/api.w.org\/{rel}","templated":true}]}}