{"id":79147,"date":"2025-08-06T07:26:54","date_gmt":"2025-08-06T11:26:54","guid":{"rendered":"https:\/\/jms.com.bo\/mediamonitor\/2025\/08\/06\/emapa-intensificara-controles-en-hornos-que-elaboran-pan\/"},"modified":"2025-08-06T07:26:54","modified_gmt":"2025-08-06T11:26:54","slug":"emapa-intensificara-controles-en-hornos-que-elaboran-pan","status":"publish","type":"post","link":"https:\/\/jms.com.bo\/mediamonitor\/2025\/08\/06\/emapa-intensificara-controles-en-hornos-que-elaboran-pan\/","title":{"rendered":"Emapa intensificar\u00e1 controles en hornos que elaboran pan"},"content":{"rendered":"<p style=\"text-align: justify;\">Debido a la escasez e irregularidad en la venta del pan de batalla en varias regiones del pa\u00eds, la Empresa de Apoyo a la Producci\u00f3n de Alimentos (Emapa) anunci\u00f3 que intensificar\u00e1 los operativos de control en los hornos que elaboran el producto.<\/p>\n<p style=\"text-align: justify;\">\u201cHemos visto que la poblaci\u00f3n est\u00e1 haciendo filas en los hornos de los panificadores, por lo cual, queremos hacer conocer que, a partir de ma\u00f1ana (mi\u00e9rcoles), vamos a intensificar el control de estos hornos a nivel nacional\u201d, inform\u00f3 este martes Gabriela Pareja, gerente de Comercializaci\u00f3n de Emapa.<\/p>\n<p style=\"text-align: justify;\">Emapa<\/p>\n<p style=\"text-align: justify;\">La funcionaria a\u00f1adi\u00f3 que los controles tambi\u00e9n se realizar\u00e1n en las provincias donde se entrega harina subvencionada. Debido a que Emapa retom\u00f3 la entrega de insumos, considera que la elaboraci\u00f3n del pan debe ser normal.<\/p>\n<p style=\"text-align: justify;\">Sin embargo, el lunes el Viceministerio de Defensa de los Derechos del Usuario y del Consumidor identific\u00f3 que en algunas ciudades, como en La Paz, la elaboraci\u00f3n del producto redujo en un 40%.<\/p>\n<p style=\"text-align: justify;\">Inclusive, los operativos de esa cartera de Estado identificaron que durante el pasado fin de semana la oferta de pan se redujo totalmente, por lo que buena parte de la poblaci\u00f3n qued\u00f3 desabastecida.<\/p>\n<p style=\"text-align: justify;\">Asimismo, Pareja se refiri\u00f3 a las recientes acusaciones contra Emapa por un presunto negociado para comprar harina a un precio m\u00e1s elevado. La gerente de la estatal desestim\u00f3 estas versiones.<\/p>\n<p style=\"text-align: justify;\">\u201cEmapa no compra harina con sobreprecio. Nosotros hacemos un trabajo de relevamiento de mercado en relaci\u00f3n a los precios y la adquisici\u00f3n la hacemos al precio del mercado\u201d, explic\u00f3 en referencia al tema.<\/p>\n<p style=\"text-align: justify;\">De acuerdo con la funcionaria, todas las adquisiciones de Emapa se realizan al monto m\u00e1s econ\u00f3mico posible y son transparentes para toda la poblaci\u00f3n.<\/p>\n","protected":false},"excerpt":{"rendered":"<p>Debido a la escasez e irregularidad en la venta del pan de batalla en varias regiones del pa\u00eds, la Empresa de Apoyo a la Producci\u00f3n de Alimentos (Emapa) anunci\u00f3 que intensificar\u00e1 los operativos de control en los hornos que elaboran el producto. \u201cHemos visto que la poblaci\u00f3n est\u00e1 haciendo filas en los hornos de los [&hellip;]<\/p>\n","protected":false},"author":2,"featured_media":16530,"comment_status":"closed","ping_status":"open","sticky":false,"template":"","format":"standard","meta":{"footnotes":""},"categories":[57],"tags":[],"class_list":{"0":"post-79147","1":"post","2":"type-post","3":"status-publish","4":"format-standard","5":"has-post-thumbnail","7":"category-alimentos-y-agroindustria"},"_links":{"self":[{"href":"https:\/\/jms.com.bo\/mediamonitor\/wp-json\/wp\/v2\/posts\/79147","targetHints":{"allow":["GET"]}}],"collection":[{"href":"https:\/\/jms.com.bo\/mediamonitor\/wp-json\/wp\/v2\/posts"}],"about":[{"href":"https:\/\/jms.com.bo\/mediamonitor\/wp-json\/wp\/v2\/types\/post"}],"author":[{"embeddable":true,"href":"https:\/\/jms.com.bo\/mediamonitor\/wp-json\/wp\/v2\/users\/2"}],"replies":[{"embeddable":true,"href":"https:\/\/jms.com.bo\/mediamonitor\/wp-json\/wp\/v2\/comments?post=79147"}],"version-history":[{"count":0,"href":"https:\/\/jms.com.bo\/mediamonitor\/wp-json\/wp\/v2\/posts\/79147\/revisions"}],"wp:featuredmedia":[{"embeddable":true,"href":"https:\/\/jms.com.bo\/mediamonitor\/wp-json\/wp\/v2\/media\/16530"}],"wp:attachment":[{"href":"https:\/\/jms.com.bo\/mediamonitor\/wp-json\/wp\/v2\/media?parent=79147"}],"wp:term":[{"taxonomy":"category","embeddable":true,"href":"https:\/\/jms.com.bo\/mediamonitor\/wp-json\/wp\/v2\/categories?post=79147"},{"taxonomy":"post_tag","embeddable":true,"href":"https:\/\/jms.com.bo\/mediamonitor\/wp-json\/wp\/v2\/tags?post=79147"}],"curies":[{"name":"wp","href":"https:\/\/api.w.org\/{rel}","templated":true}]}}