{"id":79150,"date":"2025-08-06T07:30:44","date_gmt":"2025-08-06T11:30:44","guid":{"rendered":"https:\/\/jms.com.bo\/mediamonitor\/2025\/08\/06\/queremos-atencion-medica-adultos-mayores-protestan-por-falta-de-atencion-medica\/"},"modified":"2025-08-06T07:30:44","modified_gmt":"2025-08-06T11:30:44","slug":"queremos-atencion-medica-adultos-mayores-protestan-por-falta-de-atencion-medica","status":"publish","type":"post","link":"https:\/\/jms.com.bo\/mediamonitor\/2025\/08\/06\/queremos-atencion-medica-adultos-mayores-protestan-por-falta-de-atencion-medica\/","title":{"rendered":"\u00ab\u00a1Queremos atenci\u00f3n m\u00e9dica!\u00bb: adultos mayores protestan por falta de atenci\u00f3n m\u00e9dica"},"content":{"rendered":"<p style=\"text-align: justify;\">El sistema de salud en Santa Cruz de la Sierra enfrenta una grave crisis. La atenci\u00f3n en hospitales de primer, segundo y tercer nivel est\u00e1 paralizada por un paro de trabajadores de salud que exigen el pago del bono de vacunaci\u00f3n. En medio de la protesta, el Hospital de Ni\u00f1os se vio obligado a cerrar su sala de infectolog\u00eda por falta de personal, pese a las reiteradas solicitudes no atendidas al sistema p\u00fablico de salud.<\/p>\n<p style=\"text-align: justify;\">Falta de personal obliga al cierre de \u00e1reas en el Hospital de Ni\u00f1os<\/p>\n<p style=\"text-align: justify;\">Miriam Blanco, secretaria general del Sirmes del Hospital de Ni\u00f1os, inform\u00f3 que la sala de infectolog\u00eda, que contaba con seis camas para la atenci\u00f3n de ni\u00f1os, fue cerrada por falta de personal. Se\u00f1al\u00f3 que la Gobernaci\u00f3n de Santa Cruz no puede sostener los contratos debido a la falta de recursos, por lo que se ha solicitado al Ministerio de Salud la dotaci\u00f3n de \u00edtems.<\/p>\n<p style=\"text-align: justify;\">Adem\u00e1s, indic\u00f3 que el \u00e1rea de medicina interna permanece cerrada, con 17 camas inhabilitadas, y que neonatolog\u00eda tambi\u00e9n est\u00e1 fuera de servicio desde hace tres meses, con cuatro camas, incluidas dos de terapia intensiva. Al momento del cierre de la sala de infectolog\u00eda, seis pacientes fueron transferidos a otros hospitales.<\/p>\n<p style=\"text-align: justify;\">\u00abEn total, 29 camas en este hospital, que es una barbaridad que nunca hab\u00eda sucedido\u00bb, indic\u00f3 Blanco. Seg\u00fan detall\u00f3, el hospital requiere 35 contratos, entre ellos personal de bioqu\u00edmica, farmac\u00e9uticos y enfermer\u00eda. \u201cNecesitamos 25 licenciados y auxiliares de enfermer\u00eda. Quienes colaboran a los m\u00e9dicos de las especialidades\u201d, a\u00f1adi\u00f3.<\/p>\n<p style=\"text-align: justify;\">\u00abNosotros necesitamos que nos doten de las licenciadas que necesita este hospital, porque no podemos estar as\u00ed abriendo, cerrando (&#8230;) Le pedimos a nuestra ministra, la doctora Mar\u00eda Ren\u00e9e (Castro), que nos dote de los \u00edtems que le corresponde a este hospital de tercer nivel que necesita en esta oportunidad, que sea un regalo por el D\u00eda de la Patria, que se acuerde de Santa Cruz, de la ni\u00f1ez, porque es la poblaci\u00f3n la que va a ser afectada\u00bb, pidi\u00f3 la secretaria general.<\/p>\n<p style=\"text-align: justify;\">Asimismo, lament\u00f3 que el cierre de el \u00e1rea de infectolog\u00eda afecta en la atenci\u00f3n de ni\u00f1os que tiene sarampi\u00f3n y coqueluche, ambas enfermedades han sido de gran preocupaci\u00f3n para el municipio.<\/p>\n<p style=\"text-align: justify;\">Adultos mayores protestan por atenci\u00f3n m\u00e9dica<\/p>\n<p style=\"text-align: justify;\">En el Hospital San Juan de Dios, adultos mayores se reunieron en las puertas del centro m\u00e9dico para exigir atenci\u00f3n m\u00e9dica. Los hospitales de hasta tercer nivel est\u00e1n con paralizaci\u00f3n de sus servicios m\u00e9dicos, como medida de presi\u00f3n para que las autoridades departamentales y nacionales les paguen el bono vi\u00e1tico de vacunaci\u00f3n.<\/p>\n<p style=\"text-align: justify;\">Los trabajadores de salud comenzaron con un paro que afectaba del 28 de julio al 1 de agosto, sin embargo, tras incumplimientos y falta de acuerdos, han decidido prolongar una semana m\u00e1s, del 4 al 8 de agosto. Por lo que los pacientes han mostrado su preocupaci\u00f3n e indignaci\u00f3n ante la situaci\u00f3n, que no les permite acceder a servicios regulares de atenci\u00f3n m\u00e9dica.<\/p>\n<p style=\"text-align: justify;\">El 31 de julio, el presidente del Colegio M\u00e9dico de Santa Cruz, Wilfredo Anzo\u00e1tegui, aclar\u00f3 a EL DEBER que el paro no es un paro m\u00e9dico, sino una medida acatada por la Federaci\u00f3n de Sindicatos de Trabajadores en Salud. El presidente del sector, aclar\u00f3 que la falta de personal no permite que los doctores o enfermeras puedan brindar atenci\u00f3n regular.<\/p>\n<p style=\"text-align: justify;\">\u201cEs un paro que ha acatado lo que es la Federaci\u00f3n de Sindicatos de Trabajadores. Lamentablemente, de la misma manera, tambi\u00e9n a nosotros nos lleva a esta situaci\u00f3n como profesionales, como m\u00e9dicos, como enfermeras, pues hacemos tambi\u00e9n un paro pr\u00e1cticamente, ya que no hay qui\u00e9n entregue la ficha al paciente, pero aclarar a la poblaci\u00f3n que no es paro m\u00e9dico, es un paro de trabajadores en salud\u201d, se\u00f1al\u00f3 Anzo\u00e1tegui.<\/p>\n<p style=\"text-align: justify;\">Pese a los esfuerzos del personal m\u00e9dico por cubrir los casos de urgencia, la atenci\u00f3n provisional no es suficiente para la demanda. Las \u00e1reas de emergencia est\u00e1n saturadas y cientos de personas siguen acudiendo a los hospitales con la esperanza de ser atendidas. La reprogramaci\u00f3n de fichas ha retrasado consultas previamente organizadas y los pacientes con enfermedades cr\u00f3nicas, como lupus o c\u00e1ncer, no pueden acceder a tratamientos urgentes.<\/p>\n<p style=\"text-align: justify;\">De igual formal, los ni\u00f1os y adultos mayores, que dependen de la atenci\u00f3n m\u00e9dica regular, son los m\u00e1s afectados por esta situaci\u00f3n.<\/p>\n","protected":false},"excerpt":{"rendered":"<p>El sistema de salud en Santa Cruz de la Sierra enfrenta una grave crisis. La atenci\u00f3n en hospitales de primer, segundo y tercer nivel est\u00e1 paralizada por un paro de trabajadores de salud que exigen el pago del bono de vacunaci\u00f3n. En medio de la protesta, el Hospital de Ni\u00f1os se vio obligado a cerrar [&hellip;]<\/p>\n","protected":false},"author":2,"featured_media":79151,"comment_status":"closed","ping_status":"open","sticky":false,"template":"","format":"standard","meta":{"footnotes":""},"categories":[49],"tags":[],"class_list":{"0":"post-79150","1":"post","2":"type-post","3":"status-publish","4":"format-standard","5":"has-post-thumbnail","7":"category-social"},"_links":{"self":[{"href":"https:\/\/jms.com.bo\/mediamonitor\/wp-json\/wp\/v2\/posts\/79150","targetHints":{"allow":["GET"]}}],"collection":[{"href":"https:\/\/jms.com.bo\/mediamonitor\/wp-json\/wp\/v2\/posts"}],"about":[{"href":"https:\/\/jms.com.bo\/mediamonitor\/wp-json\/wp\/v2\/types\/post"}],"author":[{"embeddable":true,"href":"https:\/\/jms.com.bo\/mediamonitor\/wp-json\/wp\/v2\/users\/2"}],"replies":[{"embeddable":true,"href":"https:\/\/jms.com.bo\/mediamonitor\/wp-json\/wp\/v2\/comments?post=79150"}],"version-history":[{"count":0,"href":"https:\/\/jms.com.bo\/mediamonitor\/wp-json\/wp\/v2\/posts\/79150\/revisions"}],"wp:featuredmedia":[{"embeddable":true,"href":"https:\/\/jms.com.bo\/mediamonitor\/wp-json\/wp\/v2\/media\/79151"}],"wp:attachment":[{"href":"https:\/\/jms.com.bo\/mediamonitor\/wp-json\/wp\/v2\/media?parent=79150"}],"wp:term":[{"taxonomy":"category","embeddable":true,"href":"https:\/\/jms.com.bo\/mediamonitor\/wp-json\/wp\/v2\/categories?post=79150"},{"taxonomy":"post_tag","embeddable":true,"href":"https:\/\/jms.com.bo\/mediamonitor\/wp-json\/wp\/v2\/tags?post=79150"}],"curies":[{"name":"wp","href":"https:\/\/api.w.org\/{rel}","templated":true}]}}