{"id":79152,"date":"2025-08-06T07:32:28","date_gmt":"2025-08-06T11:32:28","guid":{"rendered":"https:\/\/jms.com.bo\/mediamonitor\/2025\/08\/06\/trabajadores-en-salud-cumplen-9-dias-sin-dar-atencion-en-santa-cruz\/"},"modified":"2025-08-06T07:32:28","modified_gmt":"2025-08-06T11:32:28","slug":"trabajadores-en-salud-cumplen-9-dias-sin-dar-atencion-en-santa-cruz","status":"publish","type":"post","link":"https:\/\/jms.com.bo\/mediamonitor\/2025\/08\/06\/trabajadores-en-salud-cumplen-9-dias-sin-dar-atencion-en-santa-cruz\/","title":{"rendered":"Trabajadores en salud cumplen 9 d\u00edas sin dar atenci\u00f3n en Santa Cruz"},"content":{"rendered":"<p style=\"text-align: justify;\">Los trabajadores en salud, en Santa Cruz, cumplieron nueve d\u00edas sin prestar atenci\u00f3n m\u00e9dica debido a bonos e impagos de salarios por parte de la Gobernaci\u00f3n y anunciaron que la medida de presi\u00f3n se prolongar\u00e1 hasta el pr\u00f3ximo 8 de agosto.<br \/>\nEl sector demanda a las autoridades el pago del bono de vacunaci\u00f3n, que se entrega desde hace 40 a\u00f1os, el salario correspondiente a julio y el incremento salarial anual, aprobado el 1 de mayo, sostuvo el secretario departamental de los trabajadores en salud, Robert Hurtado.<br \/>\nEn Santa Cruz, m\u00e1s de 2.160.000 de personas est\u00e1n inscritas al Sistema \u00danico de Salud (SUS) para recibir atenci\u00f3n en salud universal y gratuita.<br \/>\nHurtado indic\u00f3 que cerca de 10.000 trabajadores a nivel departamental se suman al paro y solo se est\u00e1n atendiendo emergencias.<br \/>\nExplic\u00f3 que tanto m\u00e9dicos como enfermeras y enfermeros salen a las calles a cumplir con campa\u00f1as de vacunaci\u00f3n contra diferentes enfermedades, pero no reciben alimentaci\u00f3n ni transporte, lo que debe ser cubierto con sus propios recursos.<br \/>\nUn cartel pegado en la puerta de un hospital se\u00f1ala que el sector salud \u201cseguir\u00e1 acatando el paro\u201d hasta el 8 de agosto \u201cpor incumplimiento de las autoridades a nuestras demandas\u201d.<br \/>\nMientras tanto, en los hospitales de adultos y de ni\u00f1os, y en los diferentes centros de salud de la ciudad, decenas de personas hacen fila o esperan dentro de los establecimientos a que en alg\u00fan momento haya atenci\u00f3n m\u00e9dica.<br \/>\nEn medio de un descenso de la temperatura en la regi\u00f3n, con lluvia persistente y fr\u00edo, los ciudadanos siguen a la espera de que la medida de los trabajadores se levante, pues consideran que es \u201cun perjuicio\u201d para los enfermos.<br \/>\nEl paro del sector salud comenz\u00f3 el 28 de julio y afecta en especial a pacientes que cuentan con el seguro estatal de salud y no pueden recurrir a una atenci\u00f3n privada. (Santa Cruz, Br\u00fajula Digital)<\/p>\n","protected":false},"excerpt":{"rendered":"<p>Los trabajadores en salud, en Santa Cruz, cumplieron nueve d\u00edas sin prestar atenci\u00f3n m\u00e9dica debido a bonos e impagos de salarios por parte de la Gobernaci\u00f3n y anunciaron que la medida de presi\u00f3n se prolongar\u00e1 hasta el pr\u00f3ximo 8 de agosto. El sector demanda a las autoridades el pago del bono de vacunaci\u00f3n, que se [&hellip;]<\/p>\n","protected":false},"author":2,"featured_media":79153,"comment_status":"closed","ping_status":"open","sticky":false,"template":"","format":"standard","meta":{"footnotes":""},"categories":[49],"tags":[],"class_list":{"0":"post-79152","1":"post","2":"type-post","3":"status-publish","4":"format-standard","5":"has-post-thumbnail","7":"category-social"},"_links":{"self":[{"href":"https:\/\/jms.com.bo\/mediamonitor\/wp-json\/wp\/v2\/posts\/79152","targetHints":{"allow":["GET"]}}],"collection":[{"href":"https:\/\/jms.com.bo\/mediamonitor\/wp-json\/wp\/v2\/posts"}],"about":[{"href":"https:\/\/jms.com.bo\/mediamonitor\/wp-json\/wp\/v2\/types\/post"}],"author":[{"embeddable":true,"href":"https:\/\/jms.com.bo\/mediamonitor\/wp-json\/wp\/v2\/users\/2"}],"replies":[{"embeddable":true,"href":"https:\/\/jms.com.bo\/mediamonitor\/wp-json\/wp\/v2\/comments?post=79152"}],"version-history":[{"count":0,"href":"https:\/\/jms.com.bo\/mediamonitor\/wp-json\/wp\/v2\/posts\/79152\/revisions"}],"wp:featuredmedia":[{"embeddable":true,"href":"https:\/\/jms.com.bo\/mediamonitor\/wp-json\/wp\/v2\/media\/79153"}],"wp:attachment":[{"href":"https:\/\/jms.com.bo\/mediamonitor\/wp-json\/wp\/v2\/media?parent=79152"}],"wp:term":[{"taxonomy":"category","embeddable":true,"href":"https:\/\/jms.com.bo\/mediamonitor\/wp-json\/wp\/v2\/categories?post=79152"},{"taxonomy":"post_tag","embeddable":true,"href":"https:\/\/jms.com.bo\/mediamonitor\/wp-json\/wp\/v2\/tags?post=79152"}],"curies":[{"name":"wp","href":"https:\/\/api.w.org\/{rel}","templated":true}]}}