{"id":79154,"date":"2025-08-06T07:33:48","date_gmt":"2025-08-06T11:33:48","guid":{"rendered":"https:\/\/jms.com.bo\/mediamonitor\/2025\/08\/06\/senalan-que-por-millonaria-deuda-del-gobierno-no-pueden-pagar-un-bono-que-provoco-el-paro-en-salud\/"},"modified":"2025-08-06T07:33:48","modified_gmt":"2025-08-06T11:33:48","slug":"senalan-que-por-millonaria-deuda-del-gobierno-no-pueden-pagar-un-bono-que-provoco-el-paro-en-salud","status":"publish","type":"post","link":"https:\/\/jms.com.bo\/mediamonitor\/2025\/08\/06\/senalan-que-por-millonaria-deuda-del-gobierno-no-pueden-pagar-un-bono-que-provoco-el-paro-en-salud\/","title":{"rendered":"Se\u00f1alan que por millonaria deuda del gobierno no pueden pagar un bono que provoc\u00f3 el paro en salud"},"content":{"rendered":"<p style=\"text-align: justify;\">Santa Cruz cumple este martes su s\u00e9ptimo d\u00eda h\u00e1bil consecutivo de paro en el sistema p\u00fablico de salud. No hay atenci\u00f3n m\u00e9dica regular en hospitales de primer, segundo ni tercer nivel.<\/p>\n<p style=\"text-align: justify;\">Los trabajadores de salud iniciaron la medida de presi\u00f3n el 28 de julio exigiendo a la gobernaci\u00f3n el pago del bono de vacunaci\u00f3n correspondiente a esta gesti\u00f3n. El secretario de Salud, Marcelo Kramer, se\u00f1al\u00f3 que el gobierno nacional tiene una deuda de Bs 29 millones con la entidad departamental y sin ese monto no hay forma de pagar el bono de vacunaci\u00f3n para m\u00e1s de 10.000 trabajadores del sector. \u201cNos aprueban un presupuesto, pero a la hora del desembolso nos dan menos. Y as\u00ed no se puede cumplir\u201d, se\u00f1al\u00f3 Kramer.<\/p>\n<p style=\"text-align: justify;\">Seg\u00fan sus palabras, el problema no es s\u00f3lo de flujo de dinero, sino de autonom\u00eda. O, mejor dicho, de la falta real de ella. A pesar de que el presupuesto est\u00e1 aprobado en papeles, los recursos no llegan con la liquidez necesaria.<\/p>\n<p style=\"text-align: justify;\">El Comit\u00e9 Pro Santa Cruz se sum\u00f3 al reclamo y exigi\u00f3 este martes el pago inmediato de la deuda. \u201c\u00bfD\u00f3nde est\u00e1 la plata?\u201d, pregunt\u00f3 el l\u00edder c\u00edvico, Stello Cochamanidis, quien responsabiliz\u00f3 al Gobierno central de generar una crisis que golpea al personal m\u00e9dico y, por supuesto, a la poblaci\u00f3n.<\/p>\n<p style=\"text-align: justify;\">\u00abLa gente necesita atenci\u00f3n y los trabajadores necesitan llevar comida a su casa\u00bb, dijo. En paralelo, los trabajadores de salud, representados por Robert Hurtado, se mantienen firmes en su medida. Participaron en la reuni\u00f3n convocada por el Comit\u00e9, debatieron y acordaron un cuarto intermedio&#8230; pero solo en la mesa de di\u00e1logo.<\/p>\n<p style=\"text-align: justify;\">De acuerdo a Hurtado, el paro contin\u00faa hasta que haya una respuesta concreta: pago completo y sin demoras. Incluso se\u00f1al\u00f3 que el actual gobierno nacional ya est\u00e1 de salida y con m\u00e1s raz\u00f3n se mantendr\u00e1n firmes en la postura de que se pongan al d\u00eda en sus obligaciones con el sector.<\/p>\n","protected":false},"excerpt":{"rendered":"<p>Santa Cruz cumple este martes su s\u00e9ptimo d\u00eda h\u00e1bil consecutivo de paro en el sistema p\u00fablico de salud. No hay atenci\u00f3n m\u00e9dica regular en hospitales de primer, segundo ni tercer nivel. Los trabajadores de salud iniciaron la medida de presi\u00f3n el 28 de julio exigiendo a la gobernaci\u00f3n el pago del bono de vacunaci\u00f3n correspondiente [&hellip;]<\/p>\n","protected":false},"author":2,"featured_media":79155,"comment_status":"closed","ping_status":"open","sticky":false,"template":"","format":"standard","meta":{"footnotes":""},"categories":[49],"tags":[],"class_list":{"0":"post-79154","1":"post","2":"type-post","3":"status-publish","4":"format-standard","5":"has-post-thumbnail","7":"category-social"},"_links":{"self":[{"href":"https:\/\/jms.com.bo\/mediamonitor\/wp-json\/wp\/v2\/posts\/79154","targetHints":{"allow":["GET"]}}],"collection":[{"href":"https:\/\/jms.com.bo\/mediamonitor\/wp-json\/wp\/v2\/posts"}],"about":[{"href":"https:\/\/jms.com.bo\/mediamonitor\/wp-json\/wp\/v2\/types\/post"}],"author":[{"embeddable":true,"href":"https:\/\/jms.com.bo\/mediamonitor\/wp-json\/wp\/v2\/users\/2"}],"replies":[{"embeddable":true,"href":"https:\/\/jms.com.bo\/mediamonitor\/wp-json\/wp\/v2\/comments?post=79154"}],"version-history":[{"count":0,"href":"https:\/\/jms.com.bo\/mediamonitor\/wp-json\/wp\/v2\/posts\/79154\/revisions"}],"wp:featuredmedia":[{"embeddable":true,"href":"https:\/\/jms.com.bo\/mediamonitor\/wp-json\/wp\/v2\/media\/79155"}],"wp:attachment":[{"href":"https:\/\/jms.com.bo\/mediamonitor\/wp-json\/wp\/v2\/media?parent=79154"}],"wp:term":[{"taxonomy":"category","embeddable":true,"href":"https:\/\/jms.com.bo\/mediamonitor\/wp-json\/wp\/v2\/categories?post=79154"},{"taxonomy":"post_tag","embeddable":true,"href":"https:\/\/jms.com.bo\/mediamonitor\/wp-json\/wp\/v2\/tags?post=79154"}],"curies":[{"name":"wp","href":"https:\/\/api.w.org\/{rel}","templated":true}]}}