{"id":79156,"date":"2025-08-06T07:36:26","date_gmt":"2025-08-06T11:36:26","guid":{"rendered":"https:\/\/jms.com.bo\/mediamonitor\/2025\/08\/06\/avasalladores-buscan-refugio-en-la-justicia-indigena-y-paralizan-juicio-del-caso-las-londras\/"},"modified":"2025-08-06T07:36:26","modified_gmt":"2025-08-06T11:36:26","slug":"avasalladores-buscan-refugio-en-la-justicia-indigena-y-paralizan-juicio-del-caso-las-londras","status":"publish","type":"post","link":"https:\/\/jms.com.bo\/mediamonitor\/2025\/08\/06\/avasalladores-buscan-refugio-en-la-justicia-indigena-y-paralizan-juicio-del-caso-las-londras\/","title":{"rendered":"Avasalladores buscan refugio en la justicia ind\u00edgena y paralizan juicio del caso Las Londras"},"content":{"rendered":"<p style=\"text-align: justify;\">Una nueva maniobra legal amenaza con dilatar el juicio oral contra los acusados del violento secuestro de periodistas en el caso Las Londras. Tres de los imputados \u2014que estuvieron pr\u00f3fugos por m\u00e1s de dos a\u00f1os\u2014 se presentaron recientemente ante un tribunal de justicia ind\u00edgena y solicitaron que esta instancia se declare competente para juzgar el caso, lo que ha generado un conflicto de jurisdicci\u00f3n que podr\u00eda paralizar el proceso durante tres meses o un a\u00f1o.<\/p>\n<p style=\"text-align: justify;\">La denuncia fue realizada por los abogados Raquel Guerrero y Roberto M\u00e9ndez, representantes de las v\u00edctimas y de la Asociaci\u00f3n de Periodistas de Santa Cruz, quienes calificaron esta acci\u00f3n como \u00abuna chicana jur\u00eddica\u00bb destinada a evitar la condena de los autores.<\/p>\n<p style=\"text-align: justify;\">\u201cEstos se\u00f1ores han estado en rebeld\u00eda todo este tiempo, y ahora se apersonan reci\u00e9n en la etapa final del juicio, buscando refugiarse en la justicia comunitaria para evitar una sanci\u00f3n real\u201d, afirm\u00f3 Guerrero.<\/p>\n<p style=\"text-align: justify;\">Seg\u00fan explic\u00f3 Guerrero, los acusados Heber Sixto Canaza, Mart\u00edn Tejerina Villalobos y Nicol\u00e1s Ram\u00edrez Taboada presentaron un incidente de excepci\u00f3n solicitando que el caso pase a la justicia originaria campesina.<\/p>\n<p style=\"text-align: justify;\">El abogado Roberto M\u00e9ndez detall\u00f3 que el juicio oral hab\u00eda sido reinstalado este martes con la presencia de dos los cinco acusados, Paulino Camacho Vedia y Nelson Rivadeneira Escalante, en el Tribunal de Sentencia Primero de Concepci\u00f3n, que est\u00e1 compuesto por los jueces Ram\u00f3n Quiroga, Elvio Cu\u00e9llar y Rosa Victoria Copa, esta \u00faltima su presidenta.<\/p>\n<p style=\"text-align: justify;\">Las v\u00edctimas trasladaron a sus testigos a la audiencia, incluyendo al piloto de una de las camionetas interceptadas por los avasalladores. Sin embargo, al iniciar la sesi\u00f3n, la presidenta del tribunal inform\u00f3 que los tres acusados pr\u00f3fugos hab\u00edan enviado un documento escrito solicitando sumarse al proceso.<\/p>\n<p style=\"text-align: justify;\">\u201cLos tres acusados no se presentaron f\u00edsicamente, como corresponde. El fiscal pidi\u00f3 que se los declare rebelde, se les multe y se contin\u00fae con el juicio, pero esa solicitud no fue aceptada\u201d, se\u00f1al\u00f3 Roberto M\u00e9ndez.<\/p>\n<p style=\"text-align: justify;\">El tribunal decidi\u00f3 suspender la audiencia luego de que los acusados presentaron una excepci\u00f3n de incompetencia, planteando que el caso deb\u00eda ser derivado a la jurisdicci\u00f3n ind\u00edgena originaria campesina.<\/p>\n<p style=\"text-align: justify;\">\u201cLa presidenta del tribunal dijo que no pod\u00eda iniciar la audiencia hasta que se resuelva si ellos tienen o no competencia. Y como el procedimiento obliga a consultar al Tribunal Constitucional, el proceso ahora queda suspendido\u201d, explic\u00f3 M\u00e9ndez.<\/p>\n<p style=\"text-align: justify;\">Cuestionan pedido de acusados<\/p>\n<p style=\"text-align: justify;\">El abogado M\u00e9ndez fue enf\u00e1tico al se\u00f1alar que esta excepci\u00f3n carece de fundamento legal y contraviene la Ley de Deslinde Jurisdiccional N\u00b0 073. Explic\u00f3 que existen tres razones por las que la justicia ind\u00edgena no puede asumir el caso Las Londras: El lugar donde ocurri\u00f3 el hecho no es una comunidad ind\u00edgena reconocida, sino un predio tomado por avasalladores. Segundo: los delitos en cuesti\u00f3n \u2014tentativa de asesinato, secuestro, tortura\u2014 son cr\u00edmenes contra la vida, cuya competencia exclusiva es del sistema penal ordinario. Tercero: ninguno de los acusados ni las v\u00edctimas pertenece a un pueblo ind\u00edgena originario campesino.<\/p>\n<p style=\"text-align: justify;\">\u201cLo que buscan con esto es dilatar el juicio, obtener una pena menor o directamente garantizarse la impunidad. Esta excepci\u00f3n es una chicana jur\u00eddica sin sustento\u201d, denunci\u00f3 M\u00e9ndez.<\/p>\n<p style=\"text-align: justify;\">Los abogados tambi\u00e9n criticaron que los acusados, Heber Sixto Canaza, Mart\u00edn Tejerina Villalobos y Nicol\u00e1s Ram\u00edrez Taboada, pese a estar en rebeld\u00eda durante m\u00e1s de dos a\u00f1os, no hayan sido aprehendidos ni sometidos a una audiencia de medidas cautelares. Solo firmaron un apersonamiento y se revocaron sus mandamientos de aprehensi\u00f3n sin que se haga efectiva la multa de Bs 500 establecida anteriormente.<\/p>\n<p style=\"text-align: justify;\">Los testigos clave \u2014entre ellos, el director nacional del Instituto Nacional de Reforma Agraria (INRA), Eulogio N\u00fa\u00f1ez, y el piloto que fue recibido a tiros en el predio\u2014 no pudieron declarar por la suspensi\u00f3n del juicio. Adem\u00e1s, el piloto ya anunci\u00f3 su salida del pa\u00eds rumbo a Brasil por motivo de trabajo, lo que podr\u00eda complicar que pueda regresar en otra oportunidad a Concepci\u00f3n.<\/p>\n<p style=\"text-align: justify;\">Juicio congelado por maniobra legal<\/p>\n<p style=\"text-align: justify;\">Ahora el Tribunal de Concepci\u00f3n debe emitir en 10 d\u00edas h\u00e1biles una resoluci\u00f3n sobre su competencia, la cual ser\u00e1 enviada al Tribunal Constitucional Plurinacional en Sucre, que decidir\u00e1 si se mantiene la jurisdicci\u00f3n ordinaria o se traslada a la originaria campesina. Ese proceso podr\u00eda extenderse de tres meses a uno a\u00f1o, o en el peor de los casos indefinidamente, seg\u00fan los abogados de los periodistas afectados.<\/p>\n<p style=\"text-align: justify;\">\u201cAunque el juicio no ser\u00e1 anulado, el da\u00f1o ya est\u00e1 hecho. Se paraliza el proceso, se desmotiva a los testigos, y se prolonga el sufrimiento de las v\u00edctimas\u201d, concluy\u00f3 la abogada Guerrero.<\/p>\n<p style=\"text-align: justify;\">Por su parte, el abogado de los acusados, C\u00e9sar Cardona, evit\u00f3 hablar con los medios tras la suspensi\u00f3n del juicio, pero ante los jueces del tribunal exigi\u00f3 que se resuelva primero la excepci\u00f3n de incompetencia y que se determine si el caso continuar\u00e1 en la justicia ordinaria o si ser\u00e1 derivado a la justicia ind\u00edgena.<\/p>\n<p style=\"text-align: justify;\">Mientras que el periodista Percy Su\u00e1rez, una de las v\u00edctimas del secuestro en las Londras, cuestion\u00f3 la determinaci\u00f3n del tribunal de Concepci\u00f3n y dijo estar decepcionado de la justicia. Con l\u00e1grimas en los ojos, afirm\u00f3 que continuar\u00e1 luchando por buscar justicia para \u00e9l y sus colegas que fueron torturados el 28 de octubre de 2021.<\/p>\n","protected":false},"excerpt":{"rendered":"<p>Una nueva maniobra legal amenaza con dilatar el juicio oral contra los acusados del violento secuestro de periodistas en el caso Las Londras. Tres de los imputados \u2014que estuvieron pr\u00f3fugos por m\u00e1s de dos a\u00f1os\u2014 se presentaron recientemente ante un tribunal de justicia ind\u00edgena y solicitaron que esta instancia se declare competente para juzgar el [&hellip;]<\/p>\n","protected":false},"author":2,"featured_media":79157,"comment_status":"closed","ping_status":"open","sticky":false,"template":"","format":"standard","meta":{"footnotes":""},"categories":[20],"tags":[],"class_list":{"0":"post-79156","1":"post","2":"type-post","3":"status-publish","4":"format-standard","5":"has-post-thumbnail","7":"category-actualidad"},"_links":{"self":[{"href":"https:\/\/jms.com.bo\/mediamonitor\/wp-json\/wp\/v2\/posts\/79156","targetHints":{"allow":["GET"]}}],"collection":[{"href":"https:\/\/jms.com.bo\/mediamonitor\/wp-json\/wp\/v2\/posts"}],"about":[{"href":"https:\/\/jms.com.bo\/mediamonitor\/wp-json\/wp\/v2\/types\/post"}],"author":[{"embeddable":true,"href":"https:\/\/jms.com.bo\/mediamonitor\/wp-json\/wp\/v2\/users\/2"}],"replies":[{"embeddable":true,"href":"https:\/\/jms.com.bo\/mediamonitor\/wp-json\/wp\/v2\/comments?post=79156"}],"version-history":[{"count":0,"href":"https:\/\/jms.com.bo\/mediamonitor\/wp-json\/wp\/v2\/posts\/79156\/revisions"}],"wp:featuredmedia":[{"embeddable":true,"href":"https:\/\/jms.com.bo\/mediamonitor\/wp-json\/wp\/v2\/media\/79157"}],"wp:attachment":[{"href":"https:\/\/jms.com.bo\/mediamonitor\/wp-json\/wp\/v2\/media?parent=79156"}],"wp:term":[{"taxonomy":"category","embeddable":true,"href":"https:\/\/jms.com.bo\/mediamonitor\/wp-json\/wp\/v2\/categories?post=79156"},{"taxonomy":"post_tag","embeddable":true,"href":"https:\/\/jms.com.bo\/mediamonitor\/wp-json\/wp\/v2\/tags?post=79156"}],"curies":[{"name":"wp","href":"https:\/\/api.w.org\/{rel}","templated":true}]}}