{"id":79158,"date":"2025-08-06T07:39:43","date_gmt":"2025-08-06T11:39:43","guid":{"rendered":"https:\/\/jms.com.bo\/mediamonitor\/2025\/08\/06\/vuelven-a-las-aulas-en-la-paz-y-el-alto-sedes-recomienda-retomar-clases-presenciales-en-santa-cruz\/"},"modified":"2025-08-06T07:40:38","modified_gmt":"2025-08-06T11:40:38","slug":"vuelven-a-las-aulas-en-la-paz-y-el-alto-sedes-recomienda-retomar-clases-presenciales-en-santa-cruz","status":"publish","type":"post","link":"https:\/\/jms.com.bo\/mediamonitor\/2025\/08\/06\/vuelven-a-las-aulas-en-la-paz-y-el-alto-sedes-recomienda-retomar-clases-presenciales-en-santa-cruz\/","title":{"rendered":"Vuelven a las aulas en La Paz y El Alto; Sedes recomienda retomar clases presenciales en Santa Cruz"},"content":{"rendered":"<p style=\"text-align: justify;\">Los estudiantes de las ciudades de La Paz y El Alto volver\u00e1n a las clases presenciales a partir de este viernes 8 de agosto, mientras que en Santa Cruz, el Servicio Departamental de Salud (Sedes) recomend\u00f3 el retorno a las aulas, pero con la aplicaci\u00f3n de medidas de bioseguridad y dando impulso a la vacunaci\u00f3n.<\/p>\n<p style=\"text-align: justify;\">\u201cHemos coordinado con Sedes La Paz, como la parte de educaci\u00f3n vamos a comunicar oficialmente tanto de El Alto y La Paz, se ha determinado y analizando la situaci\u00f3n de salud, nosotros vamos a retornar las clases presenciales desde el 8 de agosto\u201d, se\u00f1al\u00f3 Basilio P\u00e9rez, jefe de la Direcci\u00f3n Departamental de Educaci\u00f3n (DDE) de La Paz.<\/p>\n<p style=\"text-align: justify;\">\u201cEstamos pr\u00f3ximos al retorno a las actividades acad\u00e9micas. Los padres de familia, si a su ni\u00f1o le falta alguna vacuna, pueden acudir a nuestros centros de salud\u201d, recomend\u00f3 Javier Mamani, jefe de Epidemiolog\u00eda del Sedes de La Paz.<\/p>\n<p style=\"text-align: justify;\">El ministro de Educaci\u00f3n, Omar Veliz, inform\u00f3 que este viernes se evaluar\u00e1 si los estudiantes en Santa Cruz pueden volver a las clases presenciales desde el pr\u00f3ximo lunes 11 de agosto.<\/p>\n<p style=\"text-align: justify;\">La decisi\u00f3n final depender\u00e1 del informe que entregue el Sedes que, por su parte, ya recomend\u00f3 formalmente el retorno a las aulas, aunque con ciertas condiciones como el uso obligatorio de medidas de bioseguridad, vigilancia epidemiol\u00f3gica activa y un refuerzo en las campa\u00f1as de vacunaci\u00f3n.<\/p>\n<p style=\"text-align: justify;\">\u201cSe ha evidenciado un descenso sostenido de los casos en las ciudades capitales, y los \u00faltimos brotes se han concentrado en colonias menonitas\u201d, explic\u00f3 Jaime Bilbao, director del Sedes.<\/p>\n<p style=\"text-align: justify;\">Este viernes se confirmaron 184 casos positivos en Santa Cruz. Adem\u00e1s hay otros 16 nuevos casos sospechosos en an\u00e1lisis, mientras que alrededor de 1.700 personas est\u00e1n bajo seguimiento epidemiol\u00f3gico por haber tenido contacto con pacientes positivos.<\/p>\n<p style=\"text-align: justify;\">Los municipios con casos positivos acumulados son: Santa Cruz de la Sierra, Montero, Warnes, Porongo, El Torno, Camiri, Pail\u00f3n, Cuatro Ca\u00f1adas, Concepci\u00f3n, San Mat\u00edas, Charagua, San Jos\u00e9 de Chiquitos, San Ignacio, Portachuelo, Vallegrande, Cabezas, El Puente, San Miguel de Velasco y La Guardia.<\/p>\n","protected":false},"excerpt":{"rendered":"<p>Los estudiantes de las ciudades de La Paz y El Alto volver\u00e1n a las clases presenciales a partir de este viernes 8 de agosto, mientras que en Santa Cruz, el Servicio Departamental de Salud (Sedes) recomend\u00f3 el retorno a las aulas, pero con la aplicaci\u00f3n de medidas de bioseguridad y dando impulso a la vacunaci\u00f3n. [&hellip;]<\/p>\n","protected":false},"author":2,"featured_media":79159,"comment_status":"closed","ping_status":"open","sticky":false,"template":"","format":"standard","meta":{"footnotes":""},"categories":[20],"tags":[],"class_list":{"0":"post-79158","1":"post","2":"type-post","3":"status-publish","4":"format-standard","5":"has-post-thumbnail","7":"category-actualidad"},"_links":{"self":[{"href":"https:\/\/jms.com.bo\/mediamonitor\/wp-json\/wp\/v2\/posts\/79158","targetHints":{"allow":["GET"]}}],"collection":[{"href":"https:\/\/jms.com.bo\/mediamonitor\/wp-json\/wp\/v2\/posts"}],"about":[{"href":"https:\/\/jms.com.bo\/mediamonitor\/wp-json\/wp\/v2\/types\/post"}],"author":[{"embeddable":true,"href":"https:\/\/jms.com.bo\/mediamonitor\/wp-json\/wp\/v2\/users\/2"}],"replies":[{"embeddable":true,"href":"https:\/\/jms.com.bo\/mediamonitor\/wp-json\/wp\/v2\/comments?post=79158"}],"version-history":[{"count":1,"href":"https:\/\/jms.com.bo\/mediamonitor\/wp-json\/wp\/v2\/posts\/79158\/revisions"}],"predecessor-version":[{"id":79160,"href":"https:\/\/jms.com.bo\/mediamonitor\/wp-json\/wp\/v2\/posts\/79158\/revisions\/79160"}],"wp:featuredmedia":[{"embeddable":true,"href":"https:\/\/jms.com.bo\/mediamonitor\/wp-json\/wp\/v2\/media\/79159"}],"wp:attachment":[{"href":"https:\/\/jms.com.bo\/mediamonitor\/wp-json\/wp\/v2\/media?parent=79158"}],"wp:term":[{"taxonomy":"category","embeddable":true,"href":"https:\/\/jms.com.bo\/mediamonitor\/wp-json\/wp\/v2\/categories?post=79158"},{"taxonomy":"post_tag","embeddable":true,"href":"https:\/\/jms.com.bo\/mediamonitor\/wp-json\/wp\/v2\/tags?post=79158"}],"curies":[{"name":"wp","href":"https:\/\/api.w.org\/{rel}","templated":true}]}}