{"id":79161,"date":"2025-08-06T07:42:55","date_gmt":"2025-08-06T11:42:55","guid":{"rendered":"https:\/\/jms.com.bo\/mediamonitor\/2025\/08\/06\/bicentenario-en-todos-los-rincones-del-pais-escolares-e-instituciones-se-lucen-en-los-actos-por-el-6-de-agosto\/"},"modified":"2025-08-06T07:42:55","modified_gmt":"2025-08-06T11:42:55","slug":"bicentenario-en-todos-los-rincones-del-pais-escolares-e-instituciones-se-lucen-en-los-actos-por-el-6-de-agosto","status":"publish","type":"post","link":"https:\/\/jms.com.bo\/mediamonitor\/2025\/08\/06\/bicentenario-en-todos-los-rincones-del-pais-escolares-e-instituciones-se-lucen-en-los-actos-por-el-6-de-agosto\/","title":{"rendered":"Bicentenario en todos los rincones del pa\u00eds: escolares e instituciones se lucen en los actos por el 6 de Agosto"},"content":{"rendered":"<p style=\"text-align: justify;\">A pesar de que los actos protocolares oficiales por el Bicentenario del pa\u00eds se han concentrado en Sucre, capital del Estado, en el resto de los departamentos y municipios los desfiles y eventos no han cesado desde el lunes, 4 de agosto. Claro ejemplo de ello es Santa Cruz y sus provincias.<\/p>\n<p style=\"text-align: justify;\">En Concepci\u00f3n<\/p>\n<p style=\"text-align: justify;\">Este martes se llev\u00f3 a cabo un emotivo desfile de faroles en el municipio de Concepci\u00f3n, protagonizado por estudiantes de distintas unidades educativas del municipio.<\/p>\n<p style=\"text-align: justify;\">La actividad reuni\u00f3 a ni\u00f1os, j\u00f3venes y docentes de los niveles inicial, primario y secundario, quienes participaron con entusiasmo portando faroles elaborados con creatividad y esp\u00edritu patri\u00f3tico. El recorrido parti\u00f3 desde la Direcci\u00f3n Distrital de Educaci\u00f3n hasta la plaza principal 8 de Diciembre, iluminando la avenida con luces y colores en una noche cargada de simbolismo y unidad.<\/p>\n<p style=\"text-align: justify;\">Guarayos<\/p>\n<p style=\"text-align: justify;\">En Yaguar\u00fa, en la provincia Guarayos, los escolares, vecinos e instituciones fueron parte del tradicional desfile de teas. Con la tricolor en alto, todos hicieron gala de sus uniformes y el orgullo de sentirse bolivianos.<\/p>\n<p style=\"text-align: justify;\">Mientras que en la misma capital de la provincia, Ascensi\u00f3n de Guarayos, casi al final de la tarde se concentr\u00f3 el estudiantado y docentes del distrito en la Plaza Jos\u00e9 Gregorio Salvatierra, para rendir homenaje al Bolivia por el bicentenario.<\/p>\n<p style=\"text-align: justify;\">En los atrios del Cabildo Indigenal se instal\u00f3 el palco oficial, donde se desarroll\u00f3 el acto c\u00edvico, con la presencia de diferentes autoridades. Ah\u00ed se sucedieron oradores, entre ellos el presidente del Concejo Municipal Roberh Schok, el dirigente del sector magisterio y la Directora Distrital de Educaci\u00f3n Jovita iraipi.<\/p>\n<p style=\"text-align: justify;\">En Yapacan\u00ed<\/p>\n<p style=\"text-align: justify;\">Los estudiantes mostraron elegancia, civismo y orgullo al pasar por el palco donde se encontraban las autoridades. Las bandas estudiantiles fueron las m\u00e1s esperadas por los asistentes, sobre todo por padres de familia, ya que para esta efem\u00e9rides practican sus notas musicales y coreograf\u00edas durante todo el a\u00f1o.<\/p>\n<p style=\"text-align: justify;\">Cuatro Ca\u00f1adas<\/p>\n<p style=\"text-align: justify;\">Estudiantes de las diferentes unidades educativas de Cuatro Ca\u00f1adas, con un emotivo desfile, celebraron el Bicentenario de Bolivia, demostrando civismo, unidad y amor por su historia.<\/p>\n<p style=\"text-align: justify;\">Durante la ma\u00f1ana de este martes, estudiantes de las diferentes unidades educativas, con una sonrisa en el rostro, vistieron sus mejores galas utilizando su creatividad y al son de un bombo y trompetas pasaron frente al palco oficial donde estaban autoridades municipales, educativas y locales que encabezaron este acto c\u00edvico que inici\u00f3 a las 09.00 de la ma\u00f1ana, simult\u00e1neamente al desfile en la plaza de armas 28 de julio.<\/p>\n<p style=\"text-align: justify;\">Santa Rosa del Sara<\/p>\n<p style=\"text-align: justify;\">Municipio del Norte integrado de Santa Cruz, tambi\u00e9n hizo gala del civismo de sus estudiantes e instituciones que participaron del desfile la noche de este martes<\/p>\n","protected":false},"excerpt":{"rendered":"<p>A pesar de que los actos protocolares oficiales por el Bicentenario del pa\u00eds se han concentrado en Sucre, capital del Estado, en el resto de los departamentos y municipios los desfiles y eventos no han cesado desde el lunes, 4 de agosto. Claro ejemplo de ello es Santa Cruz y sus provincias. En Concepci\u00f3n Este [&hellip;]<\/p>\n","protected":false},"author":2,"featured_media":79162,"comment_status":"closed","ping_status":"open","sticky":false,"template":"","format":"standard","meta":{"footnotes":""},"categories":[20,47,48],"tags":[],"class_list":{"0":"post-79161","1":"post","2":"type-post","3":"status-publish","4":"format-standard","5":"has-post-thumbnail","7":"category-actualidad","8":"category-portada-actualidad","9":"category-portada-general-sitio"},"_links":{"self":[{"href":"https:\/\/jms.com.bo\/mediamonitor\/wp-json\/wp\/v2\/posts\/79161","targetHints":{"allow":["GET"]}}],"collection":[{"href":"https:\/\/jms.com.bo\/mediamonitor\/wp-json\/wp\/v2\/posts"}],"about":[{"href":"https:\/\/jms.com.bo\/mediamonitor\/wp-json\/wp\/v2\/types\/post"}],"author":[{"embeddable":true,"href":"https:\/\/jms.com.bo\/mediamonitor\/wp-json\/wp\/v2\/users\/2"}],"replies":[{"embeddable":true,"href":"https:\/\/jms.com.bo\/mediamonitor\/wp-json\/wp\/v2\/comments?post=79161"}],"version-history":[{"count":0,"href":"https:\/\/jms.com.bo\/mediamonitor\/wp-json\/wp\/v2\/posts\/79161\/revisions"}],"wp:featuredmedia":[{"embeddable":true,"href":"https:\/\/jms.com.bo\/mediamonitor\/wp-json\/wp\/v2\/media\/79162"}],"wp:attachment":[{"href":"https:\/\/jms.com.bo\/mediamonitor\/wp-json\/wp\/v2\/media?parent=79161"}],"wp:term":[{"taxonomy":"category","embeddable":true,"href":"https:\/\/jms.com.bo\/mediamonitor\/wp-json\/wp\/v2\/categories?post=79161"},{"taxonomy":"post_tag","embeddable":true,"href":"https:\/\/jms.com.bo\/mediamonitor\/wp-json\/wp\/v2\/tags?post=79161"}],"curies":[{"name":"wp","href":"https:\/\/api.w.org\/{rel}","templated":true}]}}