{"id":79167,"date":"2025-08-06T07:49:26","date_gmt":"2025-08-06T11:49:26","guid":{"rendered":"https:\/\/jms.com.bo\/mediamonitor\/2025\/08\/06\/bicentenario-bolivianos-resaltan-el-legado-historico-les-preocupa-el-presente-y-valoran-la-democracia\/"},"modified":"2025-08-06T07:49:26","modified_gmt":"2025-08-06T11:49:26","slug":"bicentenario-bolivianos-resaltan-el-legado-historico-les-preocupa-el-presente-y-valoran-la-democracia","status":"publish","type":"post","link":"https:\/\/jms.com.bo\/mediamonitor\/2025\/08\/06\/bicentenario-bolivianos-resaltan-el-legado-historico-les-preocupa-el-presente-y-valoran-la-democracia\/","title":{"rendered":"Bicentenario: bolivianos resaltan el legado hist\u00f3rico, les preocupa el presente y valoran la democracia"},"content":{"rendered":"<p style=\"text-align: justify;\">En la antesala del Bicentenario de Bolivia, que se celebra este 6 de agosto, Ipsos Ciesmori le tom\u00f3 el pulso a los bolivianos sobre su percepci\u00f3n sobre el pasado presente y futuro. En s\u00edntesis, resaltan el legado hist\u00f3rico y los grandes hitos, les preocupa el panorama econ\u00f3mico actual, perciben un 2026 m\u00e1s complicado, aunque ven mejor al pa\u00eds en una d\u00e9cada y tienen gran valoraci\u00f3n por la democracia.<\/p>\n<p style=\"text-align: justify;\">\u00bfCu\u00e1l ha sido el mayor logro de Bolivia en estos 200 a\u00f1os? Fue una de las interrogantes incluidas en el estudio \u201cBicentenario de Bolivia: El retrato de una naci\u00f3n\u201d. Un 32% destaca la conquista de la democracia en 1982 y el voto universal decretado tras la Revoluci\u00f3n de 1952, un 25 % el reconocimiento de la diversidad cultural y los pueblos ind\u00edgenas; un 16 % considera como uno de los hitos la nacionalizaci\u00f3n de los recursos naturales y un 15 % la resiliencia y la unidad del pueblo ante la crisis.<\/p>\n<p style=\"text-align: justify;\">Sobre la importancia de la democracia para el desarrollo del pa\u00eds, el apoyo es mayoritario (85 %) a nivel nacional, el respaldo se eleva hasta el 90 % en Santa Cruz y baja al 70 % en El Alto. Adem\u00e1s un 57 % considera que Bolivia es un pa\u00eds democr\u00e1tico, aunque un 43 % discrepa con esa afirmaci\u00f3n.<\/p>\n<p style=\"text-align: justify;\">Con respecto al presente impera el pesimismo. Un 92 % cree que el pa\u00eds va en la direcci\u00f3n incorrecta. Hace tres a\u00f1os, el porcentaje de personas que percib\u00eda esa situaci\u00f3n era el 61 %. Adem\u00e1s un 84 % considera que la econom\u00eda es muy d\u00e9bil. Hace dos a\u00f1os, el 57 % pensaba as\u00ed.<\/p>\n<p style=\"text-align: justify;\">En cu\u00e1nto a las finanzas personales, solo un 2 % considera que vive c\u00f3modamente y un 11 % se\u00f1ala que le va bien; el 38 % dice tener lo suficiente; a un 25 % se le hace algo dif\u00edcil y al 21 % le es muy dif\u00edcil.<\/p>\n<p style=\"text-align: justify;\">El sentimiento que actualmente m\u00e1s predomina en los bolivianos es la preocupaci\u00f3n con un 45 %; tambi\u00e9n mencionaron esperanza (23 %), decepci\u00f3n (14 %), orgullo (13 %) e indiferencia (5 %).<\/p>\n<p style=\"text-align: justify;\">Los temas que m\u00e1s preocupan son la corrupci\u00f3n pol\u00edtica\/financiera (52 %), desempleo (50 %), inflaci\u00f3n (46 %), pobreza y desigualdad social (31 %) y crimen y violencia (17 %). En comparaci\u00f3n al a\u00f1o pasado aument\u00f3 en 17 puntos la preocupaci\u00f3n por el aumento de precios.<\/p>\n<p style=\"text-align: justify;\">Las gestiones del MAS, que lleva dos d\u00e9cadas en el poder, salen mal paradas, ya que un 95 % considera que han administrado mal lo recursos naturales de Bolivia como gas natural, minerales y litio. Un 76 % apoya que se aumente el presupuesto en educaci\u00f3n, un 75 % en salud y un 73 % en infraestructura. Por el contrario un 53 % respalda una merma del gasto en defensa y seguridad nacional.<\/p>\n<p style=\"text-align: justify;\">Adem\u00e1s un 65 % respalda el trabajo de las empresas privadas e igual porcentaje rechaza el desempe\u00f1o de las empresas p\u00fablicas. La Iglesia Cat\u00f3lica y los maestros tambi\u00e9n tienen un destacado apoyo, de 57 y 58 %, respectivamente.<\/p>\n<p style=\"text-align: justify;\">Con respecto al 2026, hay la expectativa de que aumentar\u00e1 la inflaci\u00f3n (64 %), el desempleo (66 %), las tasas de inter\u00e9s (56 %) y los impuestos que paga (54 %).<\/p>\n<p style=\"text-align: justify;\">Adem\u00e1s un 71 % percibe que aumentar\u00e1 su gasto en alimentos, y 69 % tambi\u00e9n considera que subir\u00e1 su gasto en otras compras dom\u00e9sticas. El 62 % tambi\u00e9n teme un alza en las facturas de los servicios p\u00fablicos. Otro 52 % avizora un incremento de los combustibles.<\/p>\n<p style=\"text-align: justify;\">Este \u00faltimo tema ha sido uno de los que ha dominado en la campa\u00f1a electoral rumbo a las elecciones, la mayor\u00eda de los candidatos habl\u00f3 de ajustar o quitar la subvenci\u00f3n.<\/p>\n<p style=\"text-align: justify;\">El estudio de Ipsos Ciesmori se realiz\u00f3 mediante 400 encuestas online, realizadas entre el 9 y el 17 de julio de este a\u00f1o en las ciudades de La Paz, El Alto, Cochabamba y Santa Cruz. El margen de error es de +- 4,90 %.<\/p>\n","protected":false},"excerpt":{"rendered":"<p>En la antesala del Bicentenario de Bolivia, que se celebra este 6 de agosto, Ipsos Ciesmori le tom\u00f3 el pulso a los bolivianos sobre su percepci\u00f3n sobre el pasado presente y futuro. En s\u00edntesis, resaltan el legado hist\u00f3rico y los grandes hitos, les preocupa el panorama econ\u00f3mico actual, perciben un 2026 m\u00e1s complicado, aunque ven [&hellip;]<\/p>\n","protected":false},"author":2,"featured_media":79168,"comment_status":"closed","ping_status":"open","sticky":false,"template":"","format":"standard","meta":{"footnotes":""},"categories":[18,48,46],"tags":[],"class_list":{"0":"post-79167","1":"post","2":"type-post","3":"status-publish","4":"format-standard","5":"has-post-thumbnail","7":"category-politica","8":"category-portada-general-sitio","9":"category-portada-politica"},"_links":{"self":[{"href":"https:\/\/jms.com.bo\/mediamonitor\/wp-json\/wp\/v2\/posts\/79167","targetHints":{"allow":["GET"]}}],"collection":[{"href":"https:\/\/jms.com.bo\/mediamonitor\/wp-json\/wp\/v2\/posts"}],"about":[{"href":"https:\/\/jms.com.bo\/mediamonitor\/wp-json\/wp\/v2\/types\/post"}],"author":[{"embeddable":true,"href":"https:\/\/jms.com.bo\/mediamonitor\/wp-json\/wp\/v2\/users\/2"}],"replies":[{"embeddable":true,"href":"https:\/\/jms.com.bo\/mediamonitor\/wp-json\/wp\/v2\/comments?post=79167"}],"version-history":[{"count":0,"href":"https:\/\/jms.com.bo\/mediamonitor\/wp-json\/wp\/v2\/posts\/79167\/revisions"}],"wp:featuredmedia":[{"embeddable":true,"href":"https:\/\/jms.com.bo\/mediamonitor\/wp-json\/wp\/v2\/media\/79168"}],"wp:attachment":[{"href":"https:\/\/jms.com.bo\/mediamonitor\/wp-json\/wp\/v2\/media?parent=79167"}],"wp:term":[{"taxonomy":"category","embeddable":true,"href":"https:\/\/jms.com.bo\/mediamonitor\/wp-json\/wp\/v2\/categories?post=79167"},{"taxonomy":"post_tag","embeddable":true,"href":"https:\/\/jms.com.bo\/mediamonitor\/wp-json\/wp\/v2\/tags?post=79167"}],"curies":[{"name":"wp","href":"https:\/\/api.w.org\/{rel}","templated":true}]}}