{"id":79171,"date":"2025-08-06T07:52:37","date_gmt":"2025-08-06T11:52:37","guid":{"rendered":"https:\/\/jms.com.bo\/mediamonitor\/2025\/08\/06\/el-bicentenario-es-una-oportunidad-para-redisenar-el-futuro-exclaman-los-empresarios\/"},"modified":"2025-08-06T07:52:37","modified_gmt":"2025-08-06T11:52:37","slug":"el-bicentenario-es-una-oportunidad-para-redisenar-el-futuro-exclaman-los-empresarios","status":"publish","type":"post","link":"https:\/\/jms.com.bo\/mediamonitor\/2025\/08\/06\/el-bicentenario-es-una-oportunidad-para-redisenar-el-futuro-exclaman-los-empresarios\/","title":{"rendered":"\u201cEl Bicentenario es una oportunidad para redise\u00f1ar el futuro\u201d, exclaman los empresarios"},"content":{"rendered":"<p style=\"text-align: justify;\">\u201cEl Bicentenario no es solo una fecha para recordar el pasado, es una oportunidad para redise\u00f1ar el futuro, es el momento de honrar la dignidad de nuestro presente, de trabajar por una Bolivia m\u00e1s justa m\u00e1s equitativa y m\u00e1s pr\u00f3spera\u201d, dijo Ortu\u00f1o en un mensaje difundido en redes sociales.<\/p>\n<p style=\"text-align: justify;\">En ese marco, dijo estar convencido de que los bolivianos podr\u00e1n salir adelante con trabajo unidad y una \u201cvisi\u00f3n clara\u201d lo que permitir\u00e1 construir un \u201cfuturo digno\u201d para las familias y que se honre el legado de los h\u00e9roes de la patria.<\/p>\n<p style=\"text-align: justify;\">\u201cComo empresarios, siempre hemos cre\u00eddo en el potencial de nuestro pa\u00eds y en la fuerza de nuestra gente. Somos un pilar fundamental en la construcci\u00f3n de la patria, no s\u00f3lo a trav\u00e9s de la generaci\u00f3n de empleos y el desarrollo de la econom\u00eda\u201d, a\u00f1adi\u00f3.<\/p>\n<p style=\"text-align: justify;\">Para el presidente de la CEPB, Bolivia recorri\u00f3 un camino \u201clleno de desaf\u00edos, fracasos y triunfos\u201d y que el pa\u00eds supo levantarse de las ca\u00eddas y demostr\u00f3 al mundo la tenacidad de nuestro esp\u00edritu.<\/p>\n<p style=\"text-align: justify;\">Adem\u00e1s, consider\u00f3 que el Bicentenario encuentra a Bolivia en un momento \u201ccrucial\u201d con un \u201cpunto de inflexi\u00f3n\u201d que llama a actuar con \u201clucidez, valent\u00eda y decisi\u00f3n\u201d.<\/p>\n<p style=\"text-align: justify;\">\u201cEl futuro de Bolivia est\u00e1 por escribirse depende de las decisiones que tomemos hoy de los senderos que construyamos de los acuerdos que alcancemos y de la visi\u00f3n que nos gu\u00ede\u201d, afirm\u00f3.<\/p>\n<p style=\"text-align: justify;\">Por otro lado, dijo que es el momento de dejar atr\u00e1s la divisi\u00f3n, reconstruir la unidad, fortalecer la democracia, defender los valores y trabajar por el bienestar de todos.<\/p>\n","protected":false},"excerpt":{"rendered":"<p>\u201cEl Bicentenario no es solo una fecha para recordar el pasado, es una oportunidad para redise\u00f1ar el futuro, es el momento de honrar la dignidad de nuestro presente, de trabajar por una Bolivia m\u00e1s justa m\u00e1s equitativa y m\u00e1s pr\u00f3spera\u201d, dijo Ortu\u00f1o en un mensaje difundido en redes sociales. En ese marco, dijo estar convencido [&hellip;]<\/p>\n","protected":false},"author":2,"featured_media":79172,"comment_status":"closed","ping_status":"open","sticky":false,"template":"","format":"standard","meta":{"footnotes":""},"categories":[25],"tags":[],"class_list":{"0":"post-79171","1":"post","2":"type-post","3":"status-publish","4":"format-standard","5":"has-post-thumbnail","7":"category-economia"},"_links":{"self":[{"href":"https:\/\/jms.com.bo\/mediamonitor\/wp-json\/wp\/v2\/posts\/79171","targetHints":{"allow":["GET"]}}],"collection":[{"href":"https:\/\/jms.com.bo\/mediamonitor\/wp-json\/wp\/v2\/posts"}],"about":[{"href":"https:\/\/jms.com.bo\/mediamonitor\/wp-json\/wp\/v2\/types\/post"}],"author":[{"embeddable":true,"href":"https:\/\/jms.com.bo\/mediamonitor\/wp-json\/wp\/v2\/users\/2"}],"replies":[{"embeddable":true,"href":"https:\/\/jms.com.bo\/mediamonitor\/wp-json\/wp\/v2\/comments?post=79171"}],"version-history":[{"count":0,"href":"https:\/\/jms.com.bo\/mediamonitor\/wp-json\/wp\/v2\/posts\/79171\/revisions"}],"wp:featuredmedia":[{"embeddable":true,"href":"https:\/\/jms.com.bo\/mediamonitor\/wp-json\/wp\/v2\/media\/79172"}],"wp:attachment":[{"href":"https:\/\/jms.com.bo\/mediamonitor\/wp-json\/wp\/v2\/media?parent=79171"}],"wp:term":[{"taxonomy":"category","embeddable":true,"href":"https:\/\/jms.com.bo\/mediamonitor\/wp-json\/wp\/v2\/categories?post=79171"},{"taxonomy":"post_tag","embeddable":true,"href":"https:\/\/jms.com.bo\/mediamonitor\/wp-json\/wp\/v2\/tags?post=79171"}],"curies":[{"name":"wp","href":"https:\/\/api.w.org\/{rel}","templated":true}]}}