{"id":79173,"date":"2025-08-06T07:54:14","date_gmt":"2025-08-06T11:54:14","guid":{"rendered":"https:\/\/jms.com.bo\/mediamonitor\/2025\/08\/06\/cepal-bolivia-es-la-economia-sudamericana-de-menor-crecimiento\/"},"modified":"2025-08-06T07:54:14","modified_gmt":"2025-08-06T11:54:14","slug":"cepal-bolivia-es-la-economia-sudamericana-de-menor-crecimiento","status":"publish","type":"post","link":"https:\/\/jms.com.bo\/mediamonitor\/2025\/08\/06\/cepal-bolivia-es-la-economia-sudamericana-de-menor-crecimiento\/","title":{"rendered":"CEPAL: Bolivia es la econom\u00eda sudamericana de menor crecimiento"},"content":{"rendered":"<p style=\"text-align: justify;\">Bolivia se encuentra entre los pa\u00edses con las tasas de crecimiento econ\u00f3mico m\u00e1s bajas de Sudam\u00e9rica, de acuerdo con las proyecciones actualizadas emitidas el 5 de agosto por la Comisi\u00f3n Econ\u00f3mica para Am\u00e9rica Latina y el Caribe (CEPAL).<\/p>\n<p style=\"text-align: justify;\">El organismo prev\u00e9 que el Producto Interno Bruto (PIB) boliviano crecer\u00e1 solo un 1,5% en 2025 y caer\u00e1 a\u00fan m\u00e1s a 1,1% en 2026, lo que marca una clara tendencia de desaceleraci\u00f3n respecto al 1,7% estimado para 2024.<\/p>\n<p style=\"text-align: justify;\">El informe, publicado este martes bajo el t\u00edtulo \u201cAm\u00e9rica Latina y el Caribe: evoluci\u00f3n del crecimiento y desaf\u00edos estructurales\u201d, se\u00f1ala que Sudam\u00e9rica en su conjunto crecer\u00e1 2,7% en 2025 y 2,4% en 2026, es decir, casi el doble que Bolivia. En ese contexto, el pa\u00eds solo supera a Venezuela (2,0%) y Ecuador (1,5%) en las proyecciones para el pr\u00f3ximo a\u00f1o.<\/p>\n<p style=\"text-align: justify;\">\u201cBolivia solo crecer\u00e1 en un 1,5% y un proyectado 1.1% el 2026; el m\u00e1s bajo de la subregi\u00f3n, incluso por debajo de Venezuela. Si esto no es estanflaci\u00f3n, \u00bfQu\u00e9 es?\u201d coment\u00f3 el diplom\u00e1tico y economista, Windsor Hernani.<\/p>\n<p style=\"text-align: justify;\">Bolivia, por debajo del promedio regional<\/p>\n<p style=\"text-align: justify;\">Las cifras bolivianas est\u00e1n tambi\u00e9n por debajo del promedio regional, que se sit\u00faa en 2,2% para 2025 y 2,3% para 2026, incluyendo Am\u00e9rica Latina y el Caribe. Incluso pa\u00edses con econom\u00edas m\u00e1s peque\u00f1as o afectadas por crisis recientes muestran una recuperaci\u00f3n m\u00e1s robusta: Argentina crecer\u00eda 5,0% en 2025 tras su recesi\u00f3n actual, mientras que Paraguay mantendr\u00e1 un s\u00f3lido 4,0%. Per\u00fa alcanzar\u00eda 3,1% y Colombia un 2,5%.<\/p>\n<p style=\"text-align: justify;\">En cambio, Bolivia aparece estancada en un rango de crecimiento insuficiente para generar empleo de calidad, reducir la pobreza o atraer inversiones a gran escala.<\/p>\n<p style=\"text-align: justify;\">Factores que limitan el crecimiento<\/p>\n<p style=\"text-align: justify;\">El documento de la CEPAL no entra en detalles pa\u00eds por pa\u00eds, pero en anteriores informes ha identificado varios factores estructurales que afectan a Bolivia:<\/p>\n<p style=\"text-align: justify;\">&#8211; Alta informalidad laboral, que supera el 70% de la poblaci\u00f3n econ\u00f3micamente activa.<\/p>\n<p style=\"text-align: justify;\">&#8211; Estancamiento de la inversi\u00f3n p\u00fablica y privada, debido a restricciones fiscales y baja confianza empresarial.<\/p>\n<p style=\"text-align: justify;\">&#8211; Limitada diversificaci\u00f3n productiva, con fuerte dependencia de las exportaciones de gas natural y minerales.<\/p>\n<p style=\"text-align: justify;\">&#8211; Debilidad institucional y alta conflictividad pol\u00edtica, que afectan la gobernabilidad y la estabilidad jur\u00eddica.<\/p>\n<p style=\"text-align: justify;\">Una regi\u00f3n con crecimiento desigual<br \/>\nLa CEPAL destaca que Am\u00e9rica del Sur ser\u00e1 la subregi\u00f3n con mejor desempe\u00f1o, gracias a la recuperaci\u00f3n de pa\u00edses como Argentina y Colombia, y al dinamismo sostenido de Paraguay. En cambio, Centroam\u00e9rica y M\u00e9xico mostrar\u00e1n un crecimiento de solo 1,0% en 2025, afectadas por la desaceleraci\u00f3n econ\u00f3mica de Estados Unidos.<\/p>\n<p style=\"text-align: justify;\">En el Caribe, las perspectivas tambi\u00e9n son moderadas: 1,8% de crecimiento sin incluir a Guyana, que contin\u00faa despegando con tasas de dos d\u00edgitos gracias a su explotaci\u00f3n petrolera.<\/p>\n<p style=\"text-align: justify;\">Urgen reformas estructurales<br \/>\nFrente a este escenario, la CEPAL insiste en la necesidad de que los pa\u00edses \u2014incluido Bolivia\u2014 avancen en reformas estructurales para elevar su potencial de crecimiento. Entre las recomendaciones est\u00e1n:<\/p>\n<p style=\"text-align: justify;\">&#8211; Fortalecer la recaudaci\u00f3n tributaria y mejorar la calidad del gasto p\u00fablico.<\/p>\n<p style=\"text-align: justify;\">&#8211; Impulsar la inversi\u00f3n productiva, especialmente en sectores verdes y de alto valor agregado.<\/p>\n<p style=\"text-align: justify;\">&#8211; Reducir la informalidad y la desigualdad, mediante pol\u00edticas laborales inclusivas.<\/p>\n<p style=\"text-align: justify;\">&#8211; Mejorar el acceso a financiamiento, aprovechando instrumentos como bonos verdes o canjes de deuda por naturaleza.<\/p>\n<p style=\"text-align: justify;\">Proyecciones de crecimiento del<br \/>\nPIB real \u2013 Sudam\u00e9rica 2025 (CEPAL):<\/p>\n<p style=\"text-align: justify;\">&#8211; Argentina: 5,0%<\/p>\n<p style=\"text-align: justify;\">&#8211; Paraguay: 4,0%<\/p>\n<p style=\"text-align: justify;\">&#8211; Per\u00fa: 3,1%<\/p>\n<p style=\"text-align: justify;\">&#8211; Uruguay: 2,8%<\/p>\n<p style=\"text-align: justify;\">&#8211; Colombia: 2,5%<\/p>\n<p style=\"text-align: justify;\">&#8211; Chile: 2,4%<\/p>\n<p style=\"text-align: justify;\">&#8211; Brasil: 2,3%<\/p>\n<p style=\"text-align: justify;\">&#8211; Venezuela: 2,0%<\/p>\n<p style=\"text-align: justify;\">&#8211; Ecuador: 1,5%<\/p>\n<p style=\"text-align: justify;\">&#8211; Bolivia: 1,5%<\/p>\n<p style=\"text-align: justify;\">Bolivia afronta un panorama econ\u00f3mico desafiante. Con una de las tasas m\u00e1s bajas de crecimiento proyectado en la regi\u00f3n, el pa\u00eds necesita recuperar la capacidad de generar confianza, atraer inversiones y promover una agenda de desarrollo que supere sus limitaciones estructurales. De lo contrario, corre el riesgo de consolidar un patr\u00f3n de estancamiento que comprometa su bienestar social en los pr\u00f3ximos a\u00f1os, refleja un an\u00e1lisis a la luz de estos datos.<\/p>\n","protected":false},"excerpt":{"rendered":"<p>Bolivia se encuentra entre los pa\u00edses con las tasas de crecimiento econ\u00f3mico m\u00e1s bajas de Sudam\u00e9rica, de acuerdo con las proyecciones actualizadas emitidas el 5 de agosto por la Comisi\u00f3n Econ\u00f3mica para Am\u00e9rica Latina y el Caribe (CEPAL). El organismo prev\u00e9 que el Producto Interno Bruto (PIB) boliviano crecer\u00e1 solo un 1,5% en 2025 y [&hellip;]<\/p>\n","protected":false},"author":2,"featured_media":5797,"comment_status":"closed","ping_status":"open","sticky":false,"template":"","format":"standard","meta":{"footnotes":""},"categories":[25],"tags":[],"class_list":{"0":"post-79173","1":"post","2":"type-post","3":"status-publish","4":"format-standard","5":"has-post-thumbnail","7":"category-economia"},"_links":{"self":[{"href":"https:\/\/jms.com.bo\/mediamonitor\/wp-json\/wp\/v2\/posts\/79173","targetHints":{"allow":["GET"]}}],"collection":[{"href":"https:\/\/jms.com.bo\/mediamonitor\/wp-json\/wp\/v2\/posts"}],"about":[{"href":"https:\/\/jms.com.bo\/mediamonitor\/wp-json\/wp\/v2\/types\/post"}],"author":[{"embeddable":true,"href":"https:\/\/jms.com.bo\/mediamonitor\/wp-json\/wp\/v2\/users\/2"}],"replies":[{"embeddable":true,"href":"https:\/\/jms.com.bo\/mediamonitor\/wp-json\/wp\/v2\/comments?post=79173"}],"version-history":[{"count":0,"href":"https:\/\/jms.com.bo\/mediamonitor\/wp-json\/wp\/v2\/posts\/79173\/revisions"}],"wp:featuredmedia":[{"embeddable":true,"href":"https:\/\/jms.com.bo\/mediamonitor\/wp-json\/wp\/v2\/media\/5797"}],"wp:attachment":[{"href":"https:\/\/jms.com.bo\/mediamonitor\/wp-json\/wp\/v2\/media?parent=79173"}],"wp:term":[{"taxonomy":"category","embeddable":true,"href":"https:\/\/jms.com.bo\/mediamonitor\/wp-json\/wp\/v2\/categories?post=79173"},{"taxonomy":"post_tag","embeddable":true,"href":"https:\/\/jms.com.bo\/mediamonitor\/wp-json\/wp\/v2\/tags?post=79173"}],"curies":[{"name":"wp","href":"https:\/\/api.w.org\/{rel}","templated":true}]}}