{"id":79178,"date":"2025-08-06T08:01:39","date_gmt":"2025-08-06T12:01:39","guid":{"rendered":"https:\/\/jms.com.bo\/mediamonitor\/2025\/08\/06\/almacenamiento-de-energia-aneel-publica-analisis-de-las-contribuciones-recibidas-en-consulta-publica\/"},"modified":"2025-08-06T08:01:39","modified_gmt":"2025-08-06T12:01:39","slug":"almacenamiento-de-energia-aneel-publica-analisis-de-las-contribuciones-recibidas-en-consulta-publica","status":"publish","type":"post","link":"https:\/\/jms.com.bo\/mediamonitor\/2025\/08\/06\/almacenamiento-de-energia-aneel-publica-analisis-de-las-contribuciones-recibidas-en-consulta-publica\/","title":{"rendered":"Almacenamiento de Energ\u00eda: ANEEL publica an\u00e1lisis de las contribuciones recibidas en consulta p\u00fablica"},"content":{"rendered":"<p style=\"text-align: justify;\">La Agencia Nacional de Energ\u00eda El\u00e9ctrica (ANEEL) public\u00f3 en su sitio web este martes (5 de agosto) una nota t\u00e9cnica que consolida el an\u00e1lisis de las contribuciones recibidas en la segunda fase de la Consulta P\u00fablica (CP) 39\/2023 , que abord\u00f3 la regulaci\u00f3n del almacenamiento de electricidad. La nota presenta las consideraciones de las \u00e1reas t\u00e9cnicas de la Agencia respecto a las sugerencias presentadas tanto por correo electr\u00f3nico como por correo postal. La consulta se realiz\u00f3 entre el 12 de diciembre de 2024 y el 30 de enero de 2025.<\/p>\n<p style=\"text-align: justify;\">La Consulta P\u00fablica 39\/2023 forma parte del primer ciclo de debates programado por la ANEEL para los pr\u00f3ximos a\u00f1os sobre el almacenamiento de energ\u00eda. En esta fase, la Agencia se centra en caracterizar los recursos de almacenamiento y definir los servicios que pueden prestarse. La segunda fase de la consulta p\u00fablica aborda la eliminaci\u00f3n de barreras para la implementaci\u00f3n de sistemas de almacenamiento de electricidad en Brasil, considerando el contexto de la transici\u00f3n energ\u00e9tica. De las 652 contribuciones, 131 fueron aceptadas por los departamentos t\u00e9cnicos de la ANEEL y 258 fueron parcialmente aceptadas.<\/p>\n<p style=\"text-align: justify;\">Luego de reevaluar las \u00e1reas t\u00e9cnicas, surgen preguntas como:<\/p>\n<p style=\"text-align: justify;\">reducci\u00f3n de la contrataci\u00f3n en el uso de la red para empresas nuevas y existentes;<br \/>\naplicaci\u00f3n de cargos;<br \/>\nimpacto en el descuento en el uso de hilo;<br \/>\nposibilidad de utilizaci\u00f3n en unidades sujetas a tarifa blanca; y<br \/>\nforma de aplicaci\u00f3n de las tarifas.<br \/>\nSobre el camino regulatorio previsto para los sistemas de almacenamiento<\/p>\n<p style=\"text-align: justify;\">ANEEL dividi\u00f3 el estudio regulatorio sobre almacenamiento de energ\u00eda en tres ciclos destinados al debate con la sociedad:<\/p>\n<p style=\"text-align: justify;\">Primer ciclo: Se centra en las discusiones iniciales sobre el tema, con el objetivo de establecer lineamientos regulatorios para los sistemas de Almacenamiento de Energ\u00eda El\u00e9ctrica, enfoc\u00e1ndose en la definici\u00f3n de conceptos; el establecimiento de la forma de concesi\u00f3n, acceso y uso de la red, y las posibilidades de generaci\u00f3n de ingresos.<\/p>\n<p style=\"text-align: justify;\">Segundo ciclo: En el pr\u00f3ximo ciclo se abordar\u00e1n las especificidades de las Centrales Hidroel\u00e9ctricas Reversibles que interfieren en el aprovechamiento \u00f3ptimo previsto en la Ley N\u00b0 9.074 de 1995 (abiertas y semicerradas), as\u00ed como el estudio de la inserci\u00f3n de sistemas de almacenamiento en la transmisi\u00f3n, distribuci\u00f3n y consumo, la exploraci\u00f3n de nuevos modelos de negocios como aplicaciones de almacenamiento para la mitigaci\u00f3n del curtailment y constrained-off de las centrales de generaci\u00f3n y la posibilidad de desarrollar Sandboxes Regulatorios para temas de inter\u00e9s, principalmente el apilamiento de ingresos necesarios para hacer econ\u00f3micamente viable el Almacenamiento y capturar beneficios para el sistema.<\/p>\n<p style=\"text-align: justify;\">Tercer ciclo: En el \u00faltimo ciclo se discutir\u00e1n temas finales como los agregadores para los distintos servicios y simulaciones en los modelos computacionales y sus impactos en la programaci\u00f3n de operaciones y la formaci\u00f3n de precios de corto plazo.<\/p>\n<p style=\"text-align: justify;\">\n","protected":false},"excerpt":{"rendered":"<p>La Agencia Nacional de Energ\u00eda El\u00e9ctrica (ANEEL) public\u00f3 en su sitio web este martes (5 de agosto) una nota t\u00e9cnica que consolida el an\u00e1lisis de las contribuciones recibidas en la segunda fase de la Consulta P\u00fablica (CP) 39\/2023 , que abord\u00f3 la regulaci\u00f3n del almacenamiento de electricidad. La nota presenta las consideraciones de las \u00e1reas [&hellip;]<\/p>\n","protected":false},"author":2,"featured_media":79179,"comment_status":"closed","ping_status":"open","sticky":false,"template":"","format":"standard","meta":{"footnotes":""},"categories":[39,44,48],"tags":[],"class_list":{"0":"post-79178","1":"post","2":"type-post","3":"status-publish","4":"format-standard","5":"has-post-thumbnail","7":"category-energia","8":"category-portada-energia","9":"category-portada-general-sitio"},"_links":{"self":[{"href":"https:\/\/jms.com.bo\/mediamonitor\/wp-json\/wp\/v2\/posts\/79178","targetHints":{"allow":["GET"]}}],"collection":[{"href":"https:\/\/jms.com.bo\/mediamonitor\/wp-json\/wp\/v2\/posts"}],"about":[{"href":"https:\/\/jms.com.bo\/mediamonitor\/wp-json\/wp\/v2\/types\/post"}],"author":[{"embeddable":true,"href":"https:\/\/jms.com.bo\/mediamonitor\/wp-json\/wp\/v2\/users\/2"}],"replies":[{"embeddable":true,"href":"https:\/\/jms.com.bo\/mediamonitor\/wp-json\/wp\/v2\/comments?post=79178"}],"version-history":[{"count":0,"href":"https:\/\/jms.com.bo\/mediamonitor\/wp-json\/wp\/v2\/posts\/79178\/revisions"}],"wp:featuredmedia":[{"embeddable":true,"href":"https:\/\/jms.com.bo\/mediamonitor\/wp-json\/wp\/v2\/media\/79179"}],"wp:attachment":[{"href":"https:\/\/jms.com.bo\/mediamonitor\/wp-json\/wp\/v2\/media?parent=79178"}],"wp:term":[{"taxonomy":"category","embeddable":true,"href":"https:\/\/jms.com.bo\/mediamonitor\/wp-json\/wp\/v2\/categories?post=79178"},{"taxonomy":"post_tag","embeddable":true,"href":"https:\/\/jms.com.bo\/mediamonitor\/wp-json\/wp\/v2\/tags?post=79178"}],"curies":[{"name":"wp","href":"https:\/\/api.w.org\/{rel}","templated":true}]}}