{"id":79182,"date":"2025-08-06T08:06:02","date_gmt":"2025-08-06T12:06:02","guid":{"rendered":"https:\/\/jms.com.bo\/mediamonitor\/2025\/08\/06\/dos-decadas-bastaron-para-crear-odio-crisis-economica-y-energetica\/"},"modified":"2025-08-06T08:06:02","modified_gmt":"2025-08-06T12:06:02","slug":"dos-decadas-bastaron-para-crear-odio-crisis-economica-y-energetica","status":"publish","type":"post","link":"https:\/\/jms.com.bo\/mediamonitor\/2025\/08\/06\/dos-decadas-bastaron-para-crear-odio-crisis-economica-y-energetica\/","title":{"rendered":"Dos d\u00e9cadas bastaron para crear odio, crisis econ\u00f3mica y energ\u00e9tica"},"content":{"rendered":"<p style=\"text-align: justify;\">A lo largo de su vida republicana, Bolivia tuvo que lidiar con gobernantes poco preparados para la administraci\u00f3n del Estado y llevaron a una crisis que empobrecieron a los bolivianos. Bastaron dos d\u00e9cadas para crear odio, crisis econ\u00f3mica y energ\u00e9tica, a pesar de la bonanza econ\u00f3mica que tuvo el pa\u00eds con los precios altos de las materias primas y una producci\u00f3n de hidrocarburos importante. \u201cEl Movimiento al Socialismo y su proceso de cambio destrozaron Bolivia\u201d, asegura el consultor en Energ\u00eda, \u00c1lvaro R\u00edos.<br \/>\n\u201cLastimosamente, el Movimiento al Socialismo (MAS) y su proceso de cambio te destrozaron (Bolivia), te dejaron desabastecida de energ\u00eda, sin divisas, sin instituciones, con inflaci\u00f3n galopante, con falta de medicamentos y alimentos, y cerca de ser un estado fallido. \u00a1Es hora de recuperarte!\u201d, sostiene R\u00edos en un mensaje por el Bicentenario del pa\u00eds.<br \/>\nMal<br \/>\nEntretanto, el economista Fernando Romero realiz\u00f3 un diagn\u00f3stico del estado con que llega Bolivia a su Bicentenario, y lamenta decir que \u201cen econom\u00eda estamos mal\u201d. \u201cSi bien hay que celebrar la efem\u00e9ride de la patria, pero en t\u00e9rminos econ\u00f3micos no hay qu\u00e9 festejar\u201d, cuestion\u00f3.<br \/>\nEl Producto Interno Bruto (PIB) nominal de 2024 alcanz\u00f3 los 46.967 millones de d\u00f3lares y apenas el crecimiento fue de 0,73%, cuya cifra se encuentra entre los m\u00e1s bajos de las \u00faltimas cuatro d\u00e9cadas, de acuerdo con el an\u00e1lisis de Romero.<\/p>\n<p style=\"text-align: justify;\">Sostiene que Bolivia llega a su Bicentenario con una crisis gemela, d\u00e9ficit fiscal y comercial. El primero ya lleva 11 a\u00f1os y s\u00f3lo la gesti\u00f3n pasada registr\u00f3 10,2% del PIB. \u201cSi bien hubo una recuperaci\u00f3n leve en mayo y junio respecto a nuestros saldos comerciales, seguimos con problemas serios, derivado de la escasez de divisas, la falta de carburantes, poca competitividad y vulnerabilidad antes shocks externos\u201d, detall\u00f3.<br \/>\nEl economista y docente de la Universidad T\u00e9cnica de Oruro (UTO), Ernesto Bernal, coincidi\u00f3 con Romero, por separado, al indicar que el d\u00e9ficit fiscal y el endeudamiento son problemas latentes, m\u00e1s cuando el primero alcanz\u00f3 dos d\u00edgitos la pasada gesti\u00f3n. \u201cLa deuda p\u00fablica alcanza el 80% del PIB\u201d.<br \/>\nEn materia comercial, el 2024 Bolivia registr\u00f3 un saldo negativo de 845 millones de d\u00f3lares y de enero a junio de la presente gesti\u00f3n la cifra alcanz\u00f3 a 506 millones, sostuvo Romero.<\/p>\n<p style=\"text-align: justify;\">En tanto, un tema preocupante para la econom\u00eda nacional se refiere a la deuda externa, que a junio alcanz\u00f3 los 13.806 millones de d\u00f3lares, sostiene. Sin embargo, el Gobierno se\u00f1ala respecto al PIB que llega a m\u00e1s de 55 mil millones de d\u00f3lares, s\u00f3lo representa el 25%.<br \/>\n\u201cAunque no se sabe a ciencia cierta cu\u00e1nto es la deuda interna. Si se toma en cuenta la deuda interna y la externa, representa 80% del PIB\u201d, apunt\u00f3 y agreg\u00f3 que esto quiere decir que cada boliviano al nacer ya deber\u00eda aproximadamente 1.000 d\u00f3lares.<br \/>\nApunt\u00f3 que el nivel de recuperaci\u00f3n es bajo, no es superior al 4%, pero la informalidad registra niveles extraordinarios. \u201cDe hecho, la pobreza podr\u00eda supera el 40% debido al proceso inflacionario que limita el poder adquisitivo y las posibilidades de satisfacer las necesidades b\u00e1sicas de las familias\u201d, complement\u00f3.<\/p>\n<p style=\"text-align: justify;\">Desaf\u00edos estructurales<br \/>\nEl economista y docente de la Universidad T\u00e9cnica de Oruro sostiene que Bolivia celebra 200 a\u00f1os de independencia, y llega enfrentando una crisis econ\u00f3mica, que requiere importantes desaf\u00edos estructurales.<br \/>\nRecuerda que la econom\u00eda viene arrastrando una desaceleraci\u00f3n desde el 2014, de llegar a un PIB, en su mejor momento de 6,8%, \u201choy por hoy las proyecciones de los organismos internacionales estiman que Bolivia va a crecer menos del 1%\u201d.<\/p>\n<p style=\"text-align: justify;\">\u201cAqu\u00ed vemos el agotamiento del modelo econ\u00f3mico, basado en las exportaciones de commodities, gas y minerales, gracias al alto precio internacional de las materias primas, pero que termin\u00f3\u201d, apunt\u00f3.<br \/>\nPor otro lado, Romero se\u00f1al\u00f3 que los nuevos administradores del Gobierno tendr\u00e1n desaf\u00edos econ\u00f3micos y pol\u00edticos, ya que la crisis no s\u00f3lo apunta al tema financiero, sino tambi\u00e9n a la institucionalidad, a lo normativo y legal.<br \/>\n\u201cLa crisis multidimensional necesita soluciones multidimensionales y, sobre todo, estructurales. El pr\u00f3ximo gobierno si o si debe tener gobernanza y gobernabilidad, sino la situaci\u00f3n puede empeorar\u201d, reflexion\u00f3.<br \/>\nReservas<br \/>\nBernal dijo que las Reservas Internacionales Netas (RIN), en sus mejores tiempos, llegaron a los 15.000 millones de d\u00f3lares, ahora bordean los 2.000 millones, lo que provoc\u00f3 presi\u00f3n al tipo de cambio y cre\u00f3 el paralelo y el oficial.<br \/>\nAl respecto, Romero tambi\u00e9n dijo que las RIN quedaron reducidas en 2024, y si bien se observ\u00f3 una recuperaci\u00f3n, fue por el precio alto del oro en los mercados mundiales.<br \/>\nTrabajo<br \/>\nEl analista econ\u00f3mico Dar\u00edo Monasterio lament\u00f3 que Bolivia llegue a su aniversario con una pol\u00edtica de hace 200 a\u00f1os, por lo que -dijo- hay mucho que hacer para alcanzar la soberan\u00eda econ\u00f3mica y la integridad territorial.<br \/>\nSostuvo que el pa\u00eds bas\u00f3 su producci\u00f3n en la explotaci\u00f3n de materias primas y esto gener\u00f3 centros econ\u00f3micos. Describi\u00f3 que primero fue la explotaci\u00f3n de la plata, luego sigui\u00f3 el esta\u00f1o y en los \u00faltimos a\u00f1os incursionamos en el gas, pero la diversificaci\u00f3n y el desarrollo no llegaron.<\/p>\n<p style=\"text-align: justify;\">Acot\u00f3 que los recursos generados por la explotaci\u00f3n de las materias primas, se haya concentrado en la sede de Gobierno, es decir La Paz, por lo que ahora plantea un cambio de modelo econ\u00f3mico y pol\u00edtico con reformas importantes, que den lugar a una nueva relaci\u00f3n entre el Estado Central y los departamentos.<br \/>\n\u201cNecesitamos una hoja (de ruta) clara para el futuro\u201d, apunt\u00f3 e indic\u00f3 que las soluciones est\u00e1n sobre la mesa, pero falta una pol\u00edtica seria para aplicarla.<br \/>\nBicentenario<br \/>\nEl Bicentenario debe marcar el inicio de un nuevo modelo econ\u00f3mico para todas las regiones, es decir la aplicaci\u00f3n de la autonom\u00eda, sostiene y resalt\u00f3 la propuesta de algunos candidatos que plantean un pacto fiscal de 50\/50 para que los departamentos sean eficientes en la provisi\u00f3n de servicios p\u00fablicos para los ciudadanos.<br \/>\nAdem\u00e1s, espera que, en la pr\u00f3xima gesti\u00f3n de Gobierno, que salga de las urnas el pr\u00f3ximo 17 de agosto, se vuelva a tener un Banco Central de Bolivia independiente, as\u00ed como libertad monetaria, competencia entre el d\u00f3lar y el boliviano.<br \/>\nAsegur\u00f3 que tambi\u00e9n se debe brindar confianza a los inversionistas, exportadores y ahorristas, as\u00ed como alentar la repatriaci\u00f3n de capitales mediante un pacto productivo con el sector privado.<br \/>\n\u201cEl Bicentenario debe ser un punto de inflexi\u00f3n para construir Bolivia, desde las regiones, con confianza, con reglas claras, con libertad monetaria y justicia fiscal\u201d, resalt\u00f3.<br \/>\nDiversificar<br \/>\nBernal plante\u00f3 algunos desaf\u00edos que debe enfrentar el pa\u00eds a partir del pr\u00f3ximo a\u00f1o, como la diversificaci\u00f3n de la econom\u00eda: fomentando la agroindustria, el turismo y avanzar en las energ\u00edas renovables.<br \/>\nCon respecto al litio, apunt\u00f3 que hay varias posiciones respecto a su explotaci\u00f3n, pero requerir\u00e1 tecnolog\u00eda y crear una cadena de valor.<br \/>\nTambi\u00e9n asever\u00f3 que se requiere recuperar la confianza en el sistema financiero, y el factor de las expectativas es importante, ya que la gente espera que cambie el gobierno y brinde seguridad, as\u00ed como estabilice la econom\u00eda.<br \/>\nDos a\u00f1os<br \/>\nCon respecto a la estabilizaci\u00f3n y recuperaci\u00f3n de la econom\u00eda, Bernal es claro al se\u00f1alar que no va a ser en 100 d\u00edas o hasta Navidad, sino que va a requerir un proceso m\u00ednimo de 2 a\u00f1os y medio.<br \/>\nRomero coincide, por separado, con Bernal, al sostener que al pr\u00f3ximo gobierno le tomar\u00e1 entre 2 a 3 a\u00f1os estabilizar la econom\u00eda, reconstruir de cierta manera, y dejar base para la nueva administraci\u00f3n que ingrese en 2030, para empezar a despegar.<br \/>\nD\u00e9cadas perdidas<br \/>\nFinalmente, Bernal, Monasterio y Romero, coinciden, por separado, que el pa\u00eds, de los 200 a\u00f1os de independencia perdi\u00f3 dos d\u00e9cadas, porque no logr\u00f3 aprovechar los ingresos que llegaron al pa\u00eds por la explotaci\u00f3n del gas y los minerales para despegar econ\u00f3micamente.<\/p>\n<p style=\"text-align: justify;\">\n","protected":false},"excerpt":{"rendered":"<p>A lo largo de su vida republicana, Bolivia tuvo que lidiar con gobernantes poco preparados para la administraci\u00f3n del Estado y llevaron a una crisis que empobrecieron a los bolivianos. Bastaron dos d\u00e9cadas para crear odio, crisis econ\u00f3mica y energ\u00e9tica, a pesar de la bonanza econ\u00f3mica que tuvo el pa\u00eds con los precios altos de [&hellip;]<\/p>\n","protected":false},"author":2,"featured_media":79183,"comment_status":"closed","ping_status":"open","sticky":false,"template":"","format":"standard","meta":{"footnotes":""},"categories":[1],"tags":[],"class_list":{"0":"post-79182","1":"post","2":"type-post","3":"status-publish","4":"format-standard","5":"has-post-thumbnail","7":"category-uncategorized"},"_links":{"self":[{"href":"https:\/\/jms.com.bo\/mediamonitor\/wp-json\/wp\/v2\/posts\/79182","targetHints":{"allow":["GET"]}}],"collection":[{"href":"https:\/\/jms.com.bo\/mediamonitor\/wp-json\/wp\/v2\/posts"}],"about":[{"href":"https:\/\/jms.com.bo\/mediamonitor\/wp-json\/wp\/v2\/types\/post"}],"author":[{"embeddable":true,"href":"https:\/\/jms.com.bo\/mediamonitor\/wp-json\/wp\/v2\/users\/2"}],"replies":[{"embeddable":true,"href":"https:\/\/jms.com.bo\/mediamonitor\/wp-json\/wp\/v2\/comments?post=79182"}],"version-history":[{"count":0,"href":"https:\/\/jms.com.bo\/mediamonitor\/wp-json\/wp\/v2\/posts\/79182\/revisions"}],"wp:featuredmedia":[{"embeddable":true,"href":"https:\/\/jms.com.bo\/mediamonitor\/wp-json\/wp\/v2\/media\/79183"}],"wp:attachment":[{"href":"https:\/\/jms.com.bo\/mediamonitor\/wp-json\/wp\/v2\/media?parent=79182"}],"wp:term":[{"taxonomy":"category","embeddable":true,"href":"https:\/\/jms.com.bo\/mediamonitor\/wp-json\/wp\/v2\/categories?post=79182"},{"taxonomy":"post_tag","embeddable":true,"href":"https:\/\/jms.com.bo\/mediamonitor\/wp-json\/wp\/v2\/tags?post=79182"}],"curies":[{"name":"wp","href":"https:\/\/api.w.org\/{rel}","templated":true}]}}