{"id":79185,"date":"2025-08-06T08:08:06","date_gmt":"2025-08-06T12:08:06","guid":{"rendered":"https:\/\/jms.com.bo\/mediamonitor\/2025\/08\/06\/gobernador-de-tarija-advierte-que-bolivia-enfrenta-una-crisis-estructural-por-la-falta-de-gas\/"},"modified":"2025-08-06T08:08:06","modified_gmt":"2025-08-06T12:08:06","slug":"gobernador-de-tarija-advierte-que-bolivia-enfrenta-una-crisis-estructural-por-la-falta-de-gas","status":"publish","type":"post","link":"https:\/\/jms.com.bo\/mediamonitor\/2025\/08\/06\/gobernador-de-tarija-advierte-que-bolivia-enfrenta-una-crisis-estructural-por-la-falta-de-gas\/","title":{"rendered":"Gobernador de Tarija advierte que Bolivia enfrenta una crisis estructural por la falta de gas"},"content":{"rendered":"<p style=\"text-align: justify;\">El gobernador de Tarija, Oscar Montes, afirm\u00f3 que la actual situaci\u00f3n econ\u00f3mica que atraviesa el pa\u00eds no es pasajera, sino una crisis estructural que se ve\u00eda venir desde 2021. Explic\u00f3 que el problema afecta a diversos sectores como el transporte, inmobiliario, comercial e industrial, y que su origen radica en un modelo econ\u00f3mico que dependi\u00f3 exclusivamente de los ingresos del gas.<\/p>\n<p style=\"text-align: justify;\">\u201cAhora no hay gas y est\u00e1 haciendo crisis todo el sistema econ\u00f3mico boliviano\u201d, sostuvo. Montes advirti\u00f3 que las instituciones p\u00fablicas, empezando por el Gobierno central, las gobernaciones y las alcald\u00edas, sufrir\u00e1n fuertes consecuencias debido a este modelo fallido que se bas\u00f3 en utilizar \u00fanicamente los recursos provenientes del gas.<\/p>\n<p style=\"text-align: justify;\">El gobernador insisti\u00f3 en que este escenario requiere una visi\u00f3n a largo plazo para replantear la estructura econ\u00f3mica del pa\u00eds y no tratarlo como un problema temporal.<\/p>\n","protected":false},"excerpt":{"rendered":"<p>El gobernador de Tarija, Oscar Montes, afirm\u00f3 que la actual situaci\u00f3n econ\u00f3mica que atraviesa el pa\u00eds no es pasajera, sino una crisis estructural que se ve\u00eda venir desde 2021. Explic\u00f3 que el problema afecta a diversos sectores como el transporte, inmobiliario, comercial e industrial, y que su origen radica en un modelo econ\u00f3mico que dependi\u00f3 [&hellip;]<\/p>\n","protected":false},"author":2,"featured_media":79186,"comment_status":"closed","ping_status":"open","sticky":false,"template":"","format":"standard","meta":{"footnotes":""},"categories":[1],"tags":[],"class_list":{"0":"post-79185","1":"post","2":"type-post","3":"status-publish","4":"format-standard","5":"has-post-thumbnail","7":"category-uncategorized"},"_links":{"self":[{"href":"https:\/\/jms.com.bo\/mediamonitor\/wp-json\/wp\/v2\/posts\/79185","targetHints":{"allow":["GET"]}}],"collection":[{"href":"https:\/\/jms.com.bo\/mediamonitor\/wp-json\/wp\/v2\/posts"}],"about":[{"href":"https:\/\/jms.com.bo\/mediamonitor\/wp-json\/wp\/v2\/types\/post"}],"author":[{"embeddable":true,"href":"https:\/\/jms.com.bo\/mediamonitor\/wp-json\/wp\/v2\/users\/2"}],"replies":[{"embeddable":true,"href":"https:\/\/jms.com.bo\/mediamonitor\/wp-json\/wp\/v2\/comments?post=79185"}],"version-history":[{"count":0,"href":"https:\/\/jms.com.bo\/mediamonitor\/wp-json\/wp\/v2\/posts\/79185\/revisions"}],"wp:featuredmedia":[{"embeddable":true,"href":"https:\/\/jms.com.bo\/mediamonitor\/wp-json\/wp\/v2\/media\/79186"}],"wp:attachment":[{"href":"https:\/\/jms.com.bo\/mediamonitor\/wp-json\/wp\/v2\/media?parent=79185"}],"wp:term":[{"taxonomy":"category","embeddable":true,"href":"https:\/\/jms.com.bo\/mediamonitor\/wp-json\/wp\/v2\/categories?post=79185"},{"taxonomy":"post_tag","embeddable":true,"href":"https:\/\/jms.com.bo\/mediamonitor\/wp-json\/wp\/v2\/tags?post=79185"}],"curies":[{"name":"wp","href":"https:\/\/api.w.org\/{rel}","templated":true}]}}