{"id":79193,"date":"2025-08-07T07:19:52","date_gmt":"2025-08-07T11:19:52","guid":{"rendered":"https:\/\/jms.com.bo\/mediamonitor\/2025\/08\/07\/cainco-dice-que-es-tiempo-de-ver-a-bolivia-nacer-de-nuevo\/"},"modified":"2025-08-07T07:19:52","modified_gmt":"2025-08-07T11:19:52","slug":"cainco-dice-que-es-tiempo-de-ver-a-bolivia-nacer-de-nuevo","status":"publish","type":"post","link":"https:\/\/jms.com.bo\/mediamonitor\/2025\/08\/07\/cainco-dice-que-es-tiempo-de-ver-a-bolivia-nacer-de-nuevo\/","title":{"rendered":"Cainco dice que es tiempo de ver a Bolivia \u2018nacer de nuevo\u2019"},"content":{"rendered":"<p style=\"text-align: justify;\">El presidente de la C\u00e1mara de Industria, Comercio, Servicios y Turismo de Santa Cruz (Cainco), Jean Pierre Antelo, asegur\u00f3 este mi\u00e9rcoles que el Bicentenario es el umbral para transformar el desencanto en impulso y ver a Bolivia nacer de nuevo.<\/p>\n<p style=\"text-align: justify;\">\u201cBolivia no est\u00e1 esperando nuevos h\u00e9roes, est\u00e1 esperando que despertemos y la hagamos latir con fuerza. El futuro no se hereda, se sue\u00f1a y se construye. Es momento de transformar el desencanto en impulso, la fractura en fecundaci\u00f3n y ver a Bolivia nacer de nuevo\u201d, dijo Antelo.<\/p>\n<p style=\"text-align: justify;\">En un video publicado en redes sociales, Antelo record\u00f3 que el pa\u00eds naci\u00f3 \u201ccomo todo lo vivo entre sangre y contradicci\u00f3n y naci\u00f3 muchas veces\u201d. Dijo que naci\u00f3 de la p\u00f3lvora de la independencia, pero tambi\u00e9n del silencio de quienes no aparecen en los libros.<\/p>\n<p style=\"text-align: justify;\">\u201cBolivia naci\u00f3 y se desdibuj\u00f3, se parti\u00f3 en pedazos, se reinvent\u00f3 en otras lenguas, se volvi\u00f3 a armar desde cenizas con canto, con rabia y esperanza\u201d, complement\u00f3.<\/p>\n<p style=\"text-align: justify;\">Y record\u00f3 que la historia tambi\u00e9n est\u00e1 escrita en la piel curtida de la mujer ind\u00edgena que sostuvo a su familia vendiendo pan o en la del joven que se march\u00f3 sin saber si volver\u00eda y creaba versos en el exilio.<\/p>\n<p style=\"text-align: justify;\">\u201cHoy, dos siglos despu\u00e9s, no nos alcanza con recordar y tampoco podemos usarlo de pretexto para cargar errores como condena. El Bicentenario no es una estatua, es un umbral entre la Bolivia que debe recordar que puede volver a nacer\u201d, remarc\u00f3.<\/p>\n<p style=\"text-align: justify;\">Cainco<\/p>\n<p style=\"text-align: justify;\">En su mensaje puntualiz\u00f3 que en el pa\u00eds no puede haber desarrollo sin justicia, libertad sin verdad y un pa\u00eds sin proyecto com\u00fan.<\/p>\n<p style=\"text-align: justify;\">En criterio de Antelo, m\u00e1s que memorias Bolivia \u201cexige visi\u00f3n, mirar m\u00e1s all\u00e1 de la papeleta, del color, del caudillo y elegir no solo nombres, sino destinos\u201d.<\/p>\n<p style=\"text-align: justify;\">\u201cBolivia no naci\u00f3 una vez y sin embargo est\u00e1 hecha para ser una, lo saben los suelos que comparten cielos sin recelo, de uno brota ca\u00f1a y de otro papa\u201d, dijo.<\/p>\n<p style=\"text-align: justify;\">Asegur\u00f3, adem\u00e1s, que la unidad no ser\u00e1 impuesta ni vendr\u00e1 desde el poder, sino que ser\u00e1 elegida y llegar\u00e1 desde los gestos, desde el consenso como forma de vida.<\/p>\n<p style=\"text-align: justify;\">\u201cCainco tiene 110 a\u00f1os de vida, m\u00e1s de la mitad de la historia de nuestro pa\u00eds y nuestro mejor homenaje es recordarle a cada boliviano que la historia se recuerda y la pueden contar muchas voces\u201d.<\/p>\n<p style=\"text-align: justify;\">Bolivia celebra este 6 de agosto, 200 a\u00f1os de su independencia.<\/p>\n","protected":false},"excerpt":{"rendered":"<p>El presidente de la C\u00e1mara de Industria, Comercio, Servicios y Turismo de Santa Cruz (Cainco), Jean Pierre Antelo, asegur\u00f3 este mi\u00e9rcoles que el Bicentenario es el umbral para transformar el desencanto en impulso y ver a Bolivia nacer de nuevo. \u201cBolivia no est\u00e1 esperando nuevos h\u00e9roes, est\u00e1 esperando que despertemos y la hagamos latir con [&hellip;]<\/p>\n","protected":false},"author":2,"featured_media":16561,"comment_status":"closed","ping_status":"open","sticky":false,"template":"","format":"standard","meta":{"footnotes":""},"categories":[57],"tags":[],"class_list":{"0":"post-79193","1":"post","2":"type-post","3":"status-publish","4":"format-standard","5":"has-post-thumbnail","7":"category-alimentos-y-agroindustria"},"_links":{"self":[{"href":"https:\/\/jms.com.bo\/mediamonitor\/wp-json\/wp\/v2\/posts\/79193","targetHints":{"allow":["GET"]}}],"collection":[{"href":"https:\/\/jms.com.bo\/mediamonitor\/wp-json\/wp\/v2\/posts"}],"about":[{"href":"https:\/\/jms.com.bo\/mediamonitor\/wp-json\/wp\/v2\/types\/post"}],"author":[{"embeddable":true,"href":"https:\/\/jms.com.bo\/mediamonitor\/wp-json\/wp\/v2\/users\/2"}],"replies":[{"embeddable":true,"href":"https:\/\/jms.com.bo\/mediamonitor\/wp-json\/wp\/v2\/comments?post=79193"}],"version-history":[{"count":0,"href":"https:\/\/jms.com.bo\/mediamonitor\/wp-json\/wp\/v2\/posts\/79193\/revisions"}],"wp:featuredmedia":[{"embeddable":true,"href":"https:\/\/jms.com.bo\/mediamonitor\/wp-json\/wp\/v2\/media\/16561"}],"wp:attachment":[{"href":"https:\/\/jms.com.bo\/mediamonitor\/wp-json\/wp\/v2\/media?parent=79193"}],"wp:term":[{"taxonomy":"category","embeddable":true,"href":"https:\/\/jms.com.bo\/mediamonitor\/wp-json\/wp\/v2\/categories?post=79193"},{"taxonomy":"post_tag","embeddable":true,"href":"https:\/\/jms.com.bo\/mediamonitor\/wp-json\/wp\/v2\/tags?post=79193"}],"curies":[{"name":"wp","href":"https:\/\/api.w.org\/{rel}","templated":true}]}}