{"id":79195,"date":"2025-08-07T07:23:41","date_gmt":"2025-08-07T11:23:41","guid":{"rendered":"https:\/\/jms.com.bo\/mediamonitor\/2025\/08\/07\/la-alcaldia-de-la-paz-anuncia-verificacion-de-hogares-de-acogida\/"},"modified":"2025-08-07T07:23:41","modified_gmt":"2025-08-07T11:23:41","slug":"la-alcaldia-de-la-paz-anuncia-verificacion-de-hogares-de-acogida","status":"publish","type":"post","link":"https:\/\/jms.com.bo\/mediamonitor\/2025\/08\/07\/la-alcaldia-de-la-paz-anuncia-verificacion-de-hogares-de-acogida\/","title":{"rendered":"La Alcald\u00eda de La Paz anuncia verificaci\u00f3n de hogares de acogida"},"content":{"rendered":"<p style=\"text-align: justify;\">Tras la recepci\u00f3n de una denuncia, la Alcald\u00eda de La Paz anunci\u00f3 este mi\u00e9rcoles que realizar\u00e1 un verificativo de la situaci\u00f3n de los menores de edad que se encuentran en los centros de acogida instalados en el municipio.<\/p>\n<p style=\"text-align: justify;\">\u201cEfectivamente, la Defensor\u00eda (de la Ni\u00f1ez y Adolescencia) va a iniciar tambi\u00e9n una investigaci\u00f3n en otros hogares para determinar c\u00f3mo se encuentra la situaci\u00f3n de estos ni\u00f1os\u201d, dijo este mi\u00e9rcoles la directora de Atenci\u00f3n Social Integral, Rita Paredes, en Unitel.<\/p>\n<p style=\"text-align: justify;\">La comuna inform\u00f3 que la decisi\u00f3n se asumi\u00f3 tras la denuncia de maltrato en el hogar Jos\u00e9 Soria, dependiente de la Gobernaci\u00f3n de La Paz. La Fiscal\u00eda intervino y abri\u00f3 una investigaci\u00f3n al respecto de este caso. Este martes, la Alcald\u00eda inform\u00f3 que tambi\u00e9n hizo una intervenci\u00f3n, por medio de la Defensor\u00eda de la Ni\u00f1ez y Adolescencia.<\/p>\n<p style=\"text-align: justify;\">La municipalidad indic\u00f3 que despleg\u00f3 a los profesionales para una valoraci\u00f3n f\u00edsica y psicol\u00f3gica de los ni\u00f1os. Adem\u00e1s, que se identific\u00f3 a los tres menores de edad que habr\u00edan sido v\u00edctimas de maltratos.<\/p>\n<p style=\"text-align: justify;\">Este mi\u00e9rcoles, la comuna indic\u00f3 que los menores de edad se encuentran estables. \u201cLos ni\u00f1os se encuentran estables. Nuestra m\u00e9dica tambi\u00e9n ha revisado a los ni\u00f1os. No hemos encontrado indicios de maltrato f\u00edsico. Obviamente los ni\u00f1os s\u00ed refieren tener cari\u00f1o entre ellos y existe un buen cuidado\u201d, indic\u00f3 la funcionaria.<\/p>\n<p style=\"text-align: justify;\">Se hizo un llamado a denunciar de inmediato si se conoce de alg\u00fan hecho de maltrato o cualquier otra vulneraci\u00f3n de los derechos de los ni\u00f1os.<\/p>\n","protected":false},"excerpt":{"rendered":"<p>Tras la recepci\u00f3n de una denuncia, la Alcald\u00eda de La Paz anunci\u00f3 este mi\u00e9rcoles que realizar\u00e1 un verificativo de la situaci\u00f3n de los menores de edad que se encuentran en los centros de acogida instalados en el municipio. \u201cEfectivamente, la Defensor\u00eda (de la Ni\u00f1ez y Adolescencia) va a iniciar tambi\u00e9n una investigaci\u00f3n en otros hogares [&hellip;]<\/p>\n","protected":false},"author":2,"featured_media":76044,"comment_status":"closed","ping_status":"open","sticky":false,"template":"","format":"standard","meta":{"footnotes":""},"categories":[49],"tags":[],"class_list":{"0":"post-79195","1":"post","2":"type-post","3":"status-publish","4":"format-standard","5":"has-post-thumbnail","7":"category-social"},"_links":{"self":[{"href":"https:\/\/jms.com.bo\/mediamonitor\/wp-json\/wp\/v2\/posts\/79195","targetHints":{"allow":["GET"]}}],"collection":[{"href":"https:\/\/jms.com.bo\/mediamonitor\/wp-json\/wp\/v2\/posts"}],"about":[{"href":"https:\/\/jms.com.bo\/mediamonitor\/wp-json\/wp\/v2\/types\/post"}],"author":[{"embeddable":true,"href":"https:\/\/jms.com.bo\/mediamonitor\/wp-json\/wp\/v2\/users\/2"}],"replies":[{"embeddable":true,"href":"https:\/\/jms.com.bo\/mediamonitor\/wp-json\/wp\/v2\/comments?post=79195"}],"version-history":[{"count":0,"href":"https:\/\/jms.com.bo\/mediamonitor\/wp-json\/wp\/v2\/posts\/79195\/revisions"}],"wp:featuredmedia":[{"embeddable":true,"href":"https:\/\/jms.com.bo\/mediamonitor\/wp-json\/wp\/v2\/media\/76044"}],"wp:attachment":[{"href":"https:\/\/jms.com.bo\/mediamonitor\/wp-json\/wp\/v2\/media?parent=79195"}],"wp:term":[{"taxonomy":"category","embeddable":true,"href":"https:\/\/jms.com.bo\/mediamonitor\/wp-json\/wp\/v2\/categories?post=79195"},{"taxonomy":"post_tag","embeddable":true,"href":"https:\/\/jms.com.bo\/mediamonitor\/wp-json\/wp\/v2\/tags?post=79195"}],"curies":[{"name":"wp","href":"https:\/\/api.w.org\/{rel}","templated":true}]}}