{"id":79196,"date":"2025-08-07T07:34:26","date_gmt":"2025-08-07T11:34:26","guid":{"rendered":"https:\/\/jms.com.bo\/mediamonitor\/2025\/08\/07\/sector-salud-pide-recursos-al-gobierno-y-continua-con-el-paro\/"},"modified":"2025-08-07T07:34:26","modified_gmt":"2025-08-07T11:34:26","slug":"sector-salud-pide-recursos-al-gobierno-y-continua-con-el-paro","status":"publish","type":"post","link":"https:\/\/jms.com.bo\/mediamonitor\/2025\/08\/07\/sector-salud-pide-recursos-al-gobierno-y-continua-con-el-paro\/","title":{"rendered":"Sector salud pide recursos al Gobierno y contin\u00faa con el paro"},"content":{"rendered":"<p style=\"text-align: justify;\">Trabajadores del sector salud se reunieron con el Comit\u00e9 pro Santa Cruz para intentar encontrar una soluci\u00f3n al paro de 120 horas que acata el sector en demanda del pago del bono vi\u00e1tico del vacunaci\u00f3n. Al encuentro, tambi\u00e9n asistieron representantes de la Secretar\u00eda Departamental de Salud de la Gobernaci\u00f3n, donde coincidieron en pedir al Gobierno que cumpla con los recursos que le corresponden al departamento y as\u00ed realizar el pago del beneficio. Sin embargo, la reuni\u00f3n entr\u00f3 en un cuarto intermedio, por lo que la medida de presi\u00f3n contin\u00faa.<\/p>\n<p style=\"text-align: justify;\">\u201cHay que dejar algo claro, \u00bfd\u00f3nde est\u00e1 la plata y eso le preguntamos a la Ministra de Salud (Mar\u00eda Ren\u00e9e Castro) que le adeuda a la Gobernaci\u00f3n y a m\u00e1s de 10.000 trabajadores en salud por el bono de vacunaci\u00f3n. Estos Bs 29 millones se les adeuda a los 10.000 trabajadores que necesitan llevar alimento a sus casas\u201d, dijo el presidente c\u00edvico, Stello Cochamanidis a tiempo de se\u00f1alar que todos estos problemas son causados por la falta de ejercer las autonom\u00edas, las cuales est\u00e1n en papeles pero que \u201cel Gobierno de manera discrecional se guarda la plata\u201d.<\/p>\n<p style=\"text-align: justify;\">Por su parte, el representante de los trabajadores en salud, Robert Hurtado ratific\u00f3 que la soluci\u00f3n a la medida es el pago total a los trabajadores. Adem\u00e1s, indic\u00f3 que ellos como trabajadores no est\u00e1n en la capacidad de comprar equipos o medicamentos, cuando son las instancias superiores, las que manejan los recursos.Comprar vitaminas y suplementos<\/p>\n<p style=\"text-align: justify;\">\u201cLa poblaci\u00f3n debe reclamarle al Ministerio, no somos los trabajadores los culpables\u201d, asever\u00f3 dejando en claro, que sus bases son las que definir\u00e1n la continuidad o un cuarto intermedio en el paro.<\/p>\n<p style=\"text-align: justify;\">APUNTAN A RECORTES DEL IDH<\/p>\n<p style=\"text-align: justify;\">Marcelo Kramer, secretario Departamental de Salud se\u00f1al\u00f3 que esta situaci\u00f3n se debe a los recortes presupuestarios que corresponden al IDH. Indic\u00f3 que el Gobierno central les aumenta las competencias, pero no les da recursos.<\/p>\n<p style=\"text-align: justify;\">Asimismo, se\u00f1al\u00f3 que el departamento necesita una autonom\u00eda plena, pero con las condiciones necesarias, ya que actualmente no solo hay problemas para cumplir con el bono de vacunaci\u00f3n, sino con la infraestructura hospitalaria, insumos y medicamentos.<\/p>\n<p style=\"text-align: justify;\">\u201cEstas mesas de trabajo est\u00e1n buenas, son acordes, pero dirij\u00e1monos a quien realmente tiene la obligaci\u00f3n de dar salud a este pueblo. Y quien tiene la obligaci\u00f3n es el Gobierno central, Santa Cruz ha sido, creo, demasiado complaciente. Hemos estado demasiado callados ante un abuso por algo que nos corresponde\u201d, asever\u00f3.Comprar vitaminas y suplementos<\/p>\n<p style=\"text-align: justify;\">ADULTOS MAYORES RECHAZAN PARO<\/p>\n<p style=\"text-align: justify;\">Adultos mayores llegaron hasta las afueras del hospital San Juan de Dios, rechazando el paro de 120 horas que acata el sector salud en demanda del bono de vacunaci\u00f3n, catalogando la medida como una \u201cintransigencia\u201d.<\/p>\n<p style=\"text-align: justify;\">Se\u00f1alaron que ninguno de los trabajadores en salud \u201cse va morir si esperan\u201d los 45 d\u00edas que le pidieron las autoridades para poder cancelarles su beneficio, pero en cambio son los pacientes quienes est\u00e1n en riesgo por la falta de atenci\u00f3n.<\/p>\n<p style=\"text-align: justify;\">Ante la situaci\u00f3n, advirtieron con ingresar en una huelga de hambre el pr\u00f3ximo lunes si es que no dan una soluci\u00f3n a la problem\u00e1tica hospitalaria.<\/p>\n","protected":false},"excerpt":{"rendered":"<p>Trabajadores del sector salud se reunieron con el Comit\u00e9 pro Santa Cruz para intentar encontrar una soluci\u00f3n al paro de 120 horas que acata el sector en demanda del pago del bono vi\u00e1tico del vacunaci\u00f3n. Al encuentro, tambi\u00e9n asistieron representantes de la Secretar\u00eda Departamental de Salud de la Gobernaci\u00f3n, donde coincidieron en pedir al Gobierno [&hellip;]<\/p>\n","protected":false},"author":2,"featured_media":79197,"comment_status":"closed","ping_status":"open","sticky":false,"template":"","format":"standard","meta":{"footnotes":""},"categories":[49],"tags":[],"class_list":{"0":"post-79196","1":"post","2":"type-post","3":"status-publish","4":"format-standard","5":"has-post-thumbnail","7":"category-social"},"_links":{"self":[{"href":"https:\/\/jms.com.bo\/mediamonitor\/wp-json\/wp\/v2\/posts\/79196","targetHints":{"allow":["GET"]}}],"collection":[{"href":"https:\/\/jms.com.bo\/mediamonitor\/wp-json\/wp\/v2\/posts"}],"about":[{"href":"https:\/\/jms.com.bo\/mediamonitor\/wp-json\/wp\/v2\/types\/post"}],"author":[{"embeddable":true,"href":"https:\/\/jms.com.bo\/mediamonitor\/wp-json\/wp\/v2\/users\/2"}],"replies":[{"embeddable":true,"href":"https:\/\/jms.com.bo\/mediamonitor\/wp-json\/wp\/v2\/comments?post=79196"}],"version-history":[{"count":0,"href":"https:\/\/jms.com.bo\/mediamonitor\/wp-json\/wp\/v2\/posts\/79196\/revisions"}],"wp:featuredmedia":[{"embeddable":true,"href":"https:\/\/jms.com.bo\/mediamonitor\/wp-json\/wp\/v2\/media\/79197"}],"wp:attachment":[{"href":"https:\/\/jms.com.bo\/mediamonitor\/wp-json\/wp\/v2\/media?parent=79196"}],"wp:term":[{"taxonomy":"category","embeddable":true,"href":"https:\/\/jms.com.bo\/mediamonitor\/wp-json\/wp\/v2\/categories?post=79196"},{"taxonomy":"post_tag","embeddable":true,"href":"https:\/\/jms.com.bo\/mediamonitor\/wp-json\/wp\/v2\/tags?post=79196"}],"curies":[{"name":"wp","href":"https:\/\/api.w.org\/{rel}","templated":true}]}}