{"id":79200,"date":"2025-08-07T07:40:40","date_gmt":"2025-08-07T11:40:40","guid":{"rendered":"https:\/\/jms.com.bo\/mediamonitor\/2025\/08\/07\/tse-aclara-que-el-unico-documento-valido-para-votar-es-la-cedula-vigente-y-en-formato-fisico\/"},"modified":"2025-08-07T07:40:40","modified_gmt":"2025-08-07T11:40:40","slug":"tse-aclara-que-el-unico-documento-valido-para-votar-es-la-cedula-vigente-y-en-formato-fisico","status":"publish","type":"post","link":"https:\/\/jms.com.bo\/mediamonitor\/2025\/08\/07\/tse-aclara-que-el-unico-documento-valido-para-votar-es-la-cedula-vigente-y-en-formato-fisico\/","title":{"rendered":"TSE aclara que el \u00fanico documento v\u00e1lido para votar es la c\u00e9dula vigente y en formato f\u00edsico"},"content":{"rendered":"<p style=\"text-align: justify;\">El Tribunal Supremo Electoral (TSE) emiti\u00f3 un comunicado para aclarar a la ciudadan\u00eda que \u201cde acuerdo a la normativa vigente y su reglamentaci\u00f3n, el \u00fanico documento v\u00e1lido para ejercer el derecho al sufragio es la c\u00e9dula de identidad original y en formato f\u00edsico\u201d.<\/p>\n<p style=\"text-align: justify;\">La aclaraci\u00f3n surge despu\u00e9s de que el Servicio de Identificaci\u00f3n Personal (Segip) indicara que tambi\u00e9n se puede votar con la c\u00e9dula digital.<\/p>\n<p style=\"text-align: justify;\">Contrario a la afirmaci\u00f3n del Segip, el TSE enfatiz\u00f3 que \u201cno se aceptar\u00e1n fotocopias, documentos digitales ni ning\u00fan otro tipo de identificaci\u00f3n el d\u00eda de la votaci\u00f3n\u201d.<\/p>\n<p style=\"text-align: justify;\">M\u00e1s de 7 millones de bolivianos est\u00e1n habilitados para votar en las elecciones del 17 de agosto, para elegir a presidente y asamble\u00edstas.<\/p>\n","protected":false},"excerpt":{"rendered":"<p>El Tribunal Supremo Electoral (TSE) emiti\u00f3 un comunicado para aclarar a la ciudadan\u00eda que \u201cde acuerdo a la normativa vigente y su reglamentaci\u00f3n, el \u00fanico documento v\u00e1lido para ejercer el derecho al sufragio es la c\u00e9dula de identidad original y en formato f\u00edsico\u201d. La aclaraci\u00f3n surge despu\u00e9s de que el Servicio de Identificaci\u00f3n Personal (Segip) [&hellip;]<\/p>\n","protected":false},"author":2,"featured_media":79201,"comment_status":"closed","ping_status":"open","sticky":false,"template":"","format":"standard","meta":{"footnotes":""},"categories":[20],"tags":[],"class_list":{"0":"post-79200","1":"post","2":"type-post","3":"status-publish","4":"format-standard","5":"has-post-thumbnail","7":"category-actualidad"},"_links":{"self":[{"href":"https:\/\/jms.com.bo\/mediamonitor\/wp-json\/wp\/v2\/posts\/79200","targetHints":{"allow":["GET"]}}],"collection":[{"href":"https:\/\/jms.com.bo\/mediamonitor\/wp-json\/wp\/v2\/posts"}],"about":[{"href":"https:\/\/jms.com.bo\/mediamonitor\/wp-json\/wp\/v2\/types\/post"}],"author":[{"embeddable":true,"href":"https:\/\/jms.com.bo\/mediamonitor\/wp-json\/wp\/v2\/users\/2"}],"replies":[{"embeddable":true,"href":"https:\/\/jms.com.bo\/mediamonitor\/wp-json\/wp\/v2\/comments?post=79200"}],"version-history":[{"count":0,"href":"https:\/\/jms.com.bo\/mediamonitor\/wp-json\/wp\/v2\/posts\/79200\/revisions"}],"wp:featuredmedia":[{"embeddable":true,"href":"https:\/\/jms.com.bo\/mediamonitor\/wp-json\/wp\/v2\/media\/79201"}],"wp:attachment":[{"href":"https:\/\/jms.com.bo\/mediamonitor\/wp-json\/wp\/v2\/media?parent=79200"}],"wp:term":[{"taxonomy":"category","embeddable":true,"href":"https:\/\/jms.com.bo\/mediamonitor\/wp-json\/wp\/v2\/categories?post=79200"},{"taxonomy":"post_tag","embeddable":true,"href":"https:\/\/jms.com.bo\/mediamonitor\/wp-json\/wp\/v2\/tags?post=79200"}],"curies":[{"name":"wp","href":"https:\/\/api.w.org\/{rel}","templated":true}]}}