{"id":79202,"date":"2025-08-07T07:42:25","date_gmt":"2025-08-07T11:42:25","guid":{"rendered":"https:\/\/jms.com.bo\/mediamonitor\/2025\/08\/07\/arce-destaca-construccion-de-1-200-obras-educativas\/"},"modified":"2025-08-07T07:42:25","modified_gmt":"2025-08-07T11:42:25","slug":"arce-destaca-construccion-de-1-200-obras-educativas","status":"publish","type":"post","link":"https:\/\/jms.com.bo\/mediamonitor\/2025\/08\/07\/arce-destaca-construccion-de-1-200-obras-educativas\/","title":{"rendered":"Arce destaca construcci\u00f3n de 1.200 obras educativas"},"content":{"rendered":"<p style=\"text-align: justify;\">La educaci\u00f3n fue otra de las \u00e1reas a la que se refiri\u00f3 este mi\u00e9rcoles el presidente Luis Arce, en su mensaje durante la sesi\u00f3n de honor de la Asamblea Legislativa por el Bicentenario de Bolivia.<\/p>\n<p style=\"text-align: justify;\">En ese sentido, afirm\u00f3, se super\u00f3 el millar de obras para promover la ense\u00f1anza, as\u00ed como el deporte de los ni\u00f1os y j\u00f3venes en todo el pa\u00eds.<\/p>\n<p style=\"text-align: justify;\">\u201cHemos construido m\u00e1s de 1.200 infraestructuras educativas entre escuelas, centros de formaci\u00f3n y proyectos deportivos, sembrando las bases del conocimiento y la igualdad de oportunidades\u201d, asever\u00f3 el mandatario en su discurso.<\/p>\n<p style=\"text-align: justify;\">Arce toc\u00f3 varios temas durante su mensaje desde la Casa de la Libertad, en Sucre, epicentro de los actos centrales por el Bicentenario.<\/p>\n<p style=\"text-align: justify;\">Record\u00f3, c\u00f3mo su Gobierno asumi\u00f3 el desaf\u00edo de la pandemia del COVID-19, en 2020. A tiempo de criticar la labor de las autoridades precedentes, indic\u00f3 que se hicieron los esfuerzos para brindar pruebas y vacunas, as\u00ed como un refuerzo del personal de salud.<\/p>\n<p style=\"text-align: justify;\">Adem\u00e1s, record\u00f3 que se pudo volver a clases, pese a la enfermedad. \u201cRecuperamos el derecho a la educaci\u00f3n para nuestras ni\u00f1as, ni\u00f1os, adolescentes y j\u00f3venes; establecimos el retorno a clases en sus distintas modalidades\u201d, destac\u00f3.<\/p>\n<p style=\"text-align: justify;\">Previo a Arce, el gobierno de Jeanine \u00c1\u00f1ez hab\u00eda dispuesto un cierre anticipado del a\u00f1o escolar, en medio del avance de la pandemia. Ya para la gesti\u00f3n bajo el mandato actual, se dispuso las modalidades de clases a distancia, semipresencial y presencial para continuar con las labores educativas.<\/p>\n<p style=\"text-align: justify;\">Este aspecto fue resaltado por el mandatario. Los actos por el Bicentenario seguir\u00e1n este jueves con la Parada Militar, que tambi\u00e9n se realizar\u00e1 en Sucre. As\u00ed, Bolivia festeja los 200 a\u00f1os de libertad.<\/p>\n","protected":false},"excerpt":{"rendered":"<p>La educaci\u00f3n fue otra de las \u00e1reas a la que se refiri\u00f3 este mi\u00e9rcoles el presidente Luis Arce, en su mensaje durante la sesi\u00f3n de honor de la Asamblea Legislativa por el Bicentenario de Bolivia. En ese sentido, afirm\u00f3, se super\u00f3 el millar de obras para promover la ense\u00f1anza, as\u00ed como el deporte de los [&hellip;]<\/p>\n","protected":false},"author":2,"featured_media":76050,"comment_status":"closed","ping_status":"open","sticky":false,"template":"","format":"standard","meta":{"footnotes":""},"categories":[20],"tags":[],"class_list":{"0":"post-79202","1":"post","2":"type-post","3":"status-publish","4":"format-standard","5":"has-post-thumbnail","7":"category-actualidad"},"_links":{"self":[{"href":"https:\/\/jms.com.bo\/mediamonitor\/wp-json\/wp\/v2\/posts\/79202","targetHints":{"allow":["GET"]}}],"collection":[{"href":"https:\/\/jms.com.bo\/mediamonitor\/wp-json\/wp\/v2\/posts"}],"about":[{"href":"https:\/\/jms.com.bo\/mediamonitor\/wp-json\/wp\/v2\/types\/post"}],"author":[{"embeddable":true,"href":"https:\/\/jms.com.bo\/mediamonitor\/wp-json\/wp\/v2\/users\/2"}],"replies":[{"embeddable":true,"href":"https:\/\/jms.com.bo\/mediamonitor\/wp-json\/wp\/v2\/comments?post=79202"}],"version-history":[{"count":0,"href":"https:\/\/jms.com.bo\/mediamonitor\/wp-json\/wp\/v2\/posts\/79202\/revisions"}],"wp:featuredmedia":[{"embeddable":true,"href":"https:\/\/jms.com.bo\/mediamonitor\/wp-json\/wp\/v2\/media\/76050"}],"wp:attachment":[{"href":"https:\/\/jms.com.bo\/mediamonitor\/wp-json\/wp\/v2\/media?parent=79202"}],"wp:term":[{"taxonomy":"category","embeddable":true,"href":"https:\/\/jms.com.bo\/mediamonitor\/wp-json\/wp\/v2\/categories?post=79202"},{"taxonomy":"post_tag","embeddable":true,"href":"https:\/\/jms.com.bo\/mediamonitor\/wp-json\/wp\/v2\/tags?post=79202"}],"curies":[{"name":"wp","href":"https:\/\/api.w.org\/{rel}","templated":true}]}}