{"id":79280,"date":"2025-08-11T06:46:47","date_gmt":"2025-08-11T10:46:47","guid":{"rendered":"https:\/\/jms.com.bo\/mediamonitor\/2025\/08\/11\/simposio-forestal-propone-convertir-la-conservacion-en-oportunidad-de-negocio\/"},"modified":"2025-08-11T06:46:47","modified_gmt":"2025-08-11T10:46:47","slug":"simposio-forestal-propone-convertir-la-conservacion-en-oportunidad-de-negocio","status":"publish","type":"post","link":"https:\/\/jms.com.bo\/mediamonitor\/2025\/08\/11\/simposio-forestal-propone-convertir-la-conservacion-en-oportunidad-de-negocio\/","title":{"rendered":"Simposio forestal propone convertir la conservaci\u00f3n en oportunidad de negocio"},"content":{"rendered":"<p style=\"text-align: justify;\">Durante la Feria Forestal Chiquitania 2025, el Consejo Boliviano para la Certificaci\u00f3n Forestal (CFV\/FSC Bolivia) organiz\u00f3 el Simposio de Valoraci\u00f3n del Manejo Forestal, un espacio que reuni\u00f3 a cerca de un centenar de representantes de comunidades ind\u00edgenas, asociaciones productivas, empresas, ONG, universidades, autoridades y candidatos a diputados de la circunscripci\u00f3n 53.<\/p>\n<p style=\"text-align: justify;\">El evento puso en el centro del debate el potencial econ\u00f3mico y ambiental de los bosques tropicales bolivianos, que cubren m\u00e1s del 40% del territorio nacional y generan ingresos tanto por recursos maderables como por productos no maderables \u2014entre ellos el copaibo y el asa\u00ed\u2014 con alto valor comercial en mercados internos y externos.<\/p>\n<p style=\"text-align: justify;\">Bosques como motor econ\u00f3mico y ambiental<br \/>\nEduardo Quiroga, representante del CFV\/FSC Bolivia, destac\u00f3 que los bosques proveen servicios ecosist\u00e9micos clave para la seguridad alimentaria y la salud del pa\u00eds, como la regulaci\u00f3n del agua, la conservaci\u00f3n del suelo y la purificaci\u00f3n del aire. \u201cBolivia es un pa\u00eds netamente forestal\u2026 y estos recursos representan oportunidades econ\u00f3micas directas para las comunidades\u201d, afirm\u00f3.<\/p>\n<p style=\"text-align: justify;\">Tambi\u00e9n resalt\u00f3 que las plantaciones forestales son esenciales para recuperar \u00e1reas degradadas, incrementar la productividad y mantener la estabilidad ambiental de la regi\u00f3n.<\/p>\n<p style=\"text-align: justify;\">Di\u00e1logo abierto por la Chiquitania<\/p>\n<p style=\"text-align: justify;\">Marcela Chuve, presidenta de la Central de Comunidades Ind\u00edgenas de Concepci\u00f3n (CICC), calific\u00f3 la cita como \u201cuna oportunidad de aprendizaje y de evaluaci\u00f3n\u201d para fortalecer la gesti\u00f3n forestal en territorios ind\u00edgenas. Por su parte, Ignacia Supepi, cacique de Econom\u00eda de la CICC, remarc\u00f3 que \u201cel tema forestal no solo es sacar madera, tambi\u00e9n hay muchas riquezas no maderables que pueden generar econom\u00eda para las comunidades\u201d.<\/p>\n<p style=\"text-align: justify;\">Desde el sector privado, Silda Garc\u00eda, representante de Silvicultura Chiquitos, enfatiz\u00f3 que la reforestaci\u00f3n y el manejo responsable del bosque son \u201cvitales para el presente y futuro\u201d de la regi\u00f3n.<\/p>\n<p style=\"text-align: justify;\">La jornada concluy\u00f3 con un llamado a articular esfuerzos productivos, comunitarios y pol\u00edticos para que la conservaci\u00f3n de los bosques se consolide como una prioridad nacional y una fuente sostenible de ingresos para miles de familias.<\/p>\n","protected":false},"excerpt":{"rendered":"<p>Durante la Feria Forestal Chiquitania 2025, el Consejo Boliviano para la Certificaci\u00f3n Forestal (CFV\/FSC Bolivia) organiz\u00f3 el Simposio de Valoraci\u00f3n del Manejo Forestal, un espacio que reuni\u00f3 a cerca de un centenar de representantes de comunidades ind\u00edgenas, asociaciones productivas, empresas, ONG, universidades, autoridades y candidatos a diputados de la circunscripci\u00f3n 53. El evento puso en [&hellip;]<\/p>\n","protected":false},"author":2,"featured_media":79281,"comment_status":"closed","ping_status":"open","sticky":false,"template":"","format":"standard","meta":{"footnotes":""},"categories":[57],"tags":[],"class_list":{"0":"post-79280","1":"post","2":"type-post","3":"status-publish","4":"format-standard","5":"has-post-thumbnail","7":"category-alimentos-y-agroindustria"},"_links":{"self":[{"href":"https:\/\/jms.com.bo\/mediamonitor\/wp-json\/wp\/v2\/posts\/79280","targetHints":{"allow":["GET"]}}],"collection":[{"href":"https:\/\/jms.com.bo\/mediamonitor\/wp-json\/wp\/v2\/posts"}],"about":[{"href":"https:\/\/jms.com.bo\/mediamonitor\/wp-json\/wp\/v2\/types\/post"}],"author":[{"embeddable":true,"href":"https:\/\/jms.com.bo\/mediamonitor\/wp-json\/wp\/v2\/users\/2"}],"replies":[{"embeddable":true,"href":"https:\/\/jms.com.bo\/mediamonitor\/wp-json\/wp\/v2\/comments?post=79280"}],"version-history":[{"count":0,"href":"https:\/\/jms.com.bo\/mediamonitor\/wp-json\/wp\/v2\/posts\/79280\/revisions"}],"wp:featuredmedia":[{"embeddable":true,"href":"https:\/\/jms.com.bo\/mediamonitor\/wp-json\/wp\/v2\/media\/79281"}],"wp:attachment":[{"href":"https:\/\/jms.com.bo\/mediamonitor\/wp-json\/wp\/v2\/media?parent=79280"}],"wp:term":[{"taxonomy":"category","embeddable":true,"href":"https:\/\/jms.com.bo\/mediamonitor\/wp-json\/wp\/v2\/categories?post=79280"},{"taxonomy":"post_tag","embeddable":true,"href":"https:\/\/jms.com.bo\/mediamonitor\/wp-json\/wp\/v2\/tags?post=79280"}],"curies":[{"name":"wp","href":"https:\/\/api.w.org\/{rel}","templated":true}]}}