{"id":79282,"date":"2025-08-11T06:47:57","date_gmt":"2025-08-11T10:47:57","guid":{"rendered":"https:\/\/jms.com.bo\/mediamonitor\/2025\/08\/11\/planta-de-cereales-impulsa-la-produccion-y-seguridad-alimentaria-en-tarata-demando-una-inversion-de-bs-54-millones\/"},"modified":"2025-08-11T06:47:57","modified_gmt":"2025-08-11T10:47:57","slug":"planta-de-cereales-impulsa-la-produccion-y-seguridad-alimentaria-en-tarata-demando-una-inversion-de-bs-54-millones","status":"publish","type":"post","link":"https:\/\/jms.com.bo\/mediamonitor\/2025\/08\/11\/planta-de-cereales-impulsa-la-produccion-y-seguridad-alimentaria-en-tarata-demando-una-inversion-de-bs-54-millones\/","title":{"rendered":"Planta de Cereales impulsa la producci\u00f3n y seguridad alimentaria en Tarata, demand\u00f3 una inversi\u00f3n de Bs 5,4 millones"},"content":{"rendered":"<p style=\"text-align: justify;\">Con una inversi\u00f3n superior a los Bs 5,4 millones, el Gobierno, mediante el Fondo Nacional de Inversi\u00f3n Productiva y Social (FPS), entreg\u00f3 la moderna Planta Procesadora de Cereales del municipio de Tarata, ubicada en la provincia Esteban Arce del departamento de Cochabamba.<\/p>\n<p style=\"text-align: justify;\">La inauguraci\u00f3n se realiz\u00f3 en el marco de las 200 Obras del Bicentenario y con el objetivo de fortalecer la infraestructura productiva y social del pa\u00eds.<\/p>\n<p style=\"text-align: justify;\">Durante el acto protocolar, el director ejecutivo de la Autoridad de Regulaci\u00f3n y Fiscalizaci\u00f3n de Telecomunicaciones y Transportes, Cristi\u00e1n Mamani, destac\u00f3 el impacto positivo de la planta en la econom\u00eda local, subrayando que \u00abesta obra mejorar\u00e1 la rentabilidad de los cereales y fortalecer\u00e1 a los peque\u00f1os productores comunitarios, mediante la incorporaci\u00f3n de valor agregado y la integraci\u00f3n de iniciativas de transformaci\u00f3n productiva\u00bb.<\/p>\n<p style=\"text-align: justify;\">Esta factor\u00eda no solo permitir\u00e1 diversificar la producci\u00f3n agr\u00edcola, sino tambi\u00e9n generar empleo directo e indirecto, beneficiando a 1.200 familias productoras y a m\u00e1s de 8.200 habitantes de Tarata y sus cantones, entre ellos Pampa Mamata, Izata, Huerta Mayu, Huayculi y Huasa Rancho.<\/p>\n<p style=\"text-align: justify;\">Gracias a esta planta, se producir\u00e1 y distribuir\u00e1 desayuno escolar nutritivo a un total de 2.927 estudiantes: 2.037 alumnos del \u00e1rea urbana, quienes recibir\u00e1n productos como pan, galletas, bizcochos, queques y empanadas; y 890 estudiantes del \u00e1rea rural, beneficiarios de bebidas tradicionales como tojor\u00ed y api.<\/p>\n<p style=\"text-align: justify;\">La planta cuenta con siete l\u00edneas de producci\u00f3n y una capacidad anual de procesamiento de 53,10 toneladas de cereales, incluyendo trigo y ma\u00edz, principales cultivos de la zona.<\/p>\n<p style=\"text-align: justify;\">Entre los productos elaborados se encuentran: pan con queso (40 g), queques de vainilla (40 g), bizcochos, empanadas (40 g) y tojor\u00ed.<\/p>\n<p style=\"text-align: justify;\">La zona de Tarata produce anualmente 1.760 toneladas de trigo y 150 toneladas de ma\u00edz, y la nueva planta permitir\u00e1 aprovechar al m\u00e1ximo estos cultivos, consolidando al municipio como referente agroindustrial del Valle Alto cochabambino.<\/p>\n<p style=\"text-align: justify;\">La moderna planta est\u00e1 ubicada a solo 43 kil\u00f3metros de la ciudad de Cochabamba y aproximadamente a una hora de viaje. La infraestructura se constituye en un eslab\u00f3n clave para dinamizar el comercio local, garantizar la seguridad alimentaria, y mejorar la calidad de vida de miles de familias campesinas.<\/p>\n","protected":false},"excerpt":{"rendered":"<p>Con una inversi\u00f3n superior a los Bs 5,4 millones, el Gobierno, mediante el Fondo Nacional de Inversi\u00f3n Productiva y Social (FPS), entreg\u00f3 la moderna Planta Procesadora de Cereales del municipio de Tarata, ubicada en la provincia Esteban Arce del departamento de Cochabamba. La inauguraci\u00f3n se realiz\u00f3 en el marco de las 200 Obras del Bicentenario [&hellip;]<\/p>\n","protected":false},"author":2,"featured_media":79283,"comment_status":"closed","ping_status":"open","sticky":false,"template":"","format":"standard","meta":{"footnotes":""},"categories":[57],"tags":[],"class_list":{"0":"post-79282","1":"post","2":"type-post","3":"status-publish","4":"format-standard","5":"has-post-thumbnail","7":"category-alimentos-y-agroindustria"},"_links":{"self":[{"href":"https:\/\/jms.com.bo\/mediamonitor\/wp-json\/wp\/v2\/posts\/79282","targetHints":{"allow":["GET"]}}],"collection":[{"href":"https:\/\/jms.com.bo\/mediamonitor\/wp-json\/wp\/v2\/posts"}],"about":[{"href":"https:\/\/jms.com.bo\/mediamonitor\/wp-json\/wp\/v2\/types\/post"}],"author":[{"embeddable":true,"href":"https:\/\/jms.com.bo\/mediamonitor\/wp-json\/wp\/v2\/users\/2"}],"replies":[{"embeddable":true,"href":"https:\/\/jms.com.bo\/mediamonitor\/wp-json\/wp\/v2\/comments?post=79282"}],"version-history":[{"count":0,"href":"https:\/\/jms.com.bo\/mediamonitor\/wp-json\/wp\/v2\/posts\/79282\/revisions"}],"wp:featuredmedia":[{"embeddable":true,"href":"https:\/\/jms.com.bo\/mediamonitor\/wp-json\/wp\/v2\/media\/79283"}],"wp:attachment":[{"href":"https:\/\/jms.com.bo\/mediamonitor\/wp-json\/wp\/v2\/media?parent=79282"}],"wp:term":[{"taxonomy":"category","embeddable":true,"href":"https:\/\/jms.com.bo\/mediamonitor\/wp-json\/wp\/v2\/categories?post=79282"},{"taxonomy":"post_tag","embeddable":true,"href":"https:\/\/jms.com.bo\/mediamonitor\/wp-json\/wp\/v2\/tags?post=79282"}],"curies":[{"name":"wp","href":"https:\/\/api.w.org\/{rel}","templated":true}]}}