{"id":79287,"date":"2025-08-11T06:53:21","date_gmt":"2025-08-11T10:53:21","guid":{"rendered":"https:\/\/jms.com.bo\/mediamonitor\/2025\/08\/11\/levantan-paro-en-hospitales-crucenos-pero-advierten-con-otro-desde-el-13-de-agosto\/"},"modified":"2025-08-11T06:53:21","modified_gmt":"2025-08-11T10:53:21","slug":"levantan-paro-en-hospitales-crucenos-pero-advierten-con-otro-desde-el-13-de-agosto","status":"publish","type":"post","link":"https:\/\/jms.com.bo\/mediamonitor\/2025\/08\/11\/levantan-paro-en-hospitales-crucenos-pero-advierten-con-otro-desde-el-13-de-agosto\/","title":{"rendered":"Levantan paro en hospitales cruce\u00f1os, pero advierten con otro desde el 13 de agosto"},"content":{"rendered":"<p style=\"text-align: justify;\">Los trabajadores en salud de Santa Cruz decidieron este viernes dar un cuarto intermedio de tres d\u00edas a su paro, con el compromiso de reanudar la atenci\u00f3n en los centros m\u00e9dicos hasta el martes 12 de agosto. Sin embargo, advirtieron que, si hasta esa fecha no se concreta el pago del denominado bono de vacunaci\u00f3n, retomar\u00e1n la medida de forma indefinida desde el mi\u00e9rcoles 13.<\/p>\n<p style=\"text-align: justify;\">El m\u00e1ximo dirigente del sector, Robert Hurtado, explic\u00f3 que la pausa fue acordada para permitir la atenci\u00f3n a la poblaci\u00f3n, pero reiter\u00f3 que la demanda principal es el desembolso del bono de vacunaci\u00f3n y el retroactivo salarial.<\/p>\n<p style=\"text-align: justify;\">La decisi\u00f3n se alcanz\u00f3 tras una reuni\u00f3n en el Comit\u00e9 pro Santa Cruz, con la presencia de autoridades departamentales y representantes del sector.<\/p>\n<p style=\"text-align: justify;\">El secretario de Salud de la Gobernaci\u00f3n, Marcelo Kramer, se\u00f1al\u00f3 que la falta de liquidez por parte del Gobierno central impide el pago, y que la ministra Mar\u00eda Ren\u00e9e Castro debe enviar una carta de conciliaci\u00f3n de deuda para acceder a los fondos.<\/p>\n<p style=\"text-align: justify;\">M\u00e1s de 10.000 trabajadores se encuentran afectados por la falta de pago.<\/p>\n<p style=\"text-align: justify;\">La medida de presi\u00f3n, iniciada el 28 de julio, ha impactado a pacientes de todo el pa\u00eds, especialmente a personas con enfermedades cr\u00f3nicas como c\u00e1ncer o lupus.<\/p>\n<p style=\"text-align: justify;\">Durante los d\u00edas de paro, los hospitales reportaron saturaci\u00f3n en emergencias y retrasos en tratamientos, mientras el Sistema \u00danico de Salud enfrenta escasez de medicamentos y personal.<\/p>\n<p style=\"text-align: justify;\">El pago del bono est\u00e1 a cargo de la gobernaci\u00f3n, pero esta entidad arguye que no puede cumplir debido a una deuda del gobierno nacional de Bs 29 millones.<\/p>\n","protected":false},"excerpt":{"rendered":"<p>Los trabajadores en salud de Santa Cruz decidieron este viernes dar un cuarto intermedio de tres d\u00edas a su paro, con el compromiso de reanudar la atenci\u00f3n en los centros m\u00e9dicos hasta el martes 12 de agosto. Sin embargo, advirtieron que, si hasta esa fecha no se concreta el pago del denominado bono de vacunaci\u00f3n, [&hellip;]<\/p>\n","protected":false},"author":2,"featured_media":79288,"comment_status":"closed","ping_status":"open","sticky":false,"template":"","format":"standard","meta":{"footnotes":""},"categories":[49],"tags":[],"class_list":{"0":"post-79287","1":"post","2":"type-post","3":"status-publish","4":"format-standard","5":"has-post-thumbnail","7":"category-social"},"_links":{"self":[{"href":"https:\/\/jms.com.bo\/mediamonitor\/wp-json\/wp\/v2\/posts\/79287","targetHints":{"allow":["GET"]}}],"collection":[{"href":"https:\/\/jms.com.bo\/mediamonitor\/wp-json\/wp\/v2\/posts"}],"about":[{"href":"https:\/\/jms.com.bo\/mediamonitor\/wp-json\/wp\/v2\/types\/post"}],"author":[{"embeddable":true,"href":"https:\/\/jms.com.bo\/mediamonitor\/wp-json\/wp\/v2\/users\/2"}],"replies":[{"embeddable":true,"href":"https:\/\/jms.com.bo\/mediamonitor\/wp-json\/wp\/v2\/comments?post=79287"}],"version-history":[{"count":0,"href":"https:\/\/jms.com.bo\/mediamonitor\/wp-json\/wp\/v2\/posts\/79287\/revisions"}],"wp:featuredmedia":[{"embeddable":true,"href":"https:\/\/jms.com.bo\/mediamonitor\/wp-json\/wp\/v2\/media\/79288"}],"wp:attachment":[{"href":"https:\/\/jms.com.bo\/mediamonitor\/wp-json\/wp\/v2\/media?parent=79287"}],"wp:term":[{"taxonomy":"category","embeddable":true,"href":"https:\/\/jms.com.bo\/mediamonitor\/wp-json\/wp\/v2\/categories?post=79287"},{"taxonomy":"post_tag","embeddable":true,"href":"https:\/\/jms.com.bo\/mediamonitor\/wp-json\/wp\/v2\/tags?post=79287"}],"curies":[{"name":"wp","href":"https:\/\/api.w.org\/{rel}","templated":true}]}}